{"id":4374,"date":"2013-11-01T11:54:38","date_gmt":"2013-11-01T17:54:38","guid":{"rendered":"https:\/\/radiowebmx.com\/nota\/?p=4374"},"modified":"2013-11-01T11:54:38","modified_gmt":"2013-11-01T17:54:38","slug":"asisten-gobernador-fausto-vallejo-y-senora-patricia-mora-a-concierto-de-la-osidem-con-motivo-de-noche-de-muertos","status":"publish","type":"post","link":"https:\/\/radiowebmx.com\/nota\/asisten-gobernador-fausto-vallejo-y-senora-patricia-mora-a-concierto-de-la-osidem-con-motivo-de-noche-de-muertos\/","title":{"rendered":"Asisten gobernador Fausto Vallejo y se\u00f1ora Patricia Mora a concierto de la OSIDEM con motivo de Noche de Muertos"},"content":{"rendered":"<p><a href=\"https:\/\/radiowebmx.com\/nota\/wp-content\/uploads\/2013\/11\/DSC_5199.jpg\"><img loading=\"lazy\" decoding=\"async\" class=\"alignleft size-full wp-image-4375\" alt=\"DSC_5199\" src=\"https:\/\/radiowebmx.com\/nota\/wp-content\/uploads\/2013\/11\/DSC_5199.jpg\" width=\"591\" height=\"314\" \/><\/a>El gobernador del estado Fausto Vallejo Figueroa, acompa\u00f1ado de su esposa Patricia Mora de Vallejo, asisti\u00f3 al concierto que cada a\u00f1o organiza la Secretar\u00eda de Cultura estatal, con motivo de la Noche de Muertos en la emblem\u00e1tica Catedral de Morelia, en presencia tambi\u00e9n del arzobispo de Morelia, Alberto Su\u00e1rez Inda y del titular de la Secum, Marco Antonio Aguilar Cort\u00e9s. La Orquesta Sinf\u00f3nica de Michoac\u00e1n fue la encargada de interpretar la \u201cMessa da Requiem\u201d de Giuseppe Verdi, con la colaboraci\u00f3n de la Sociedad Coral Cantus Hominum, de Leonardo Villeda y el coro Convivium Musicum, del director V\u00edctor Luna, adem\u00e1s de cuatro de las mejores voces de M\u00e9xico y el mundo: M\u00f3nica Ch\u00e1vez, soprano; Mar\u00eda Luisa Tamez, mezzo-soprano; Leonardo Villeda, tenor y Genaro Sulvar\u00e1n, bajo.<\/p>\n","protected":false},"excerpt":{"rendered":"<p>El gobernador del estado Fausto Vallejo Figueroa, acompa\u00f1ado de su esposa Patricia Mora de Vallejo, asisti\u00f3 al concierto que cada a\u00f1o organiza la Secretar\u00eda de Cultura estatal, con motivo de la Noche de Muertos en la emblem\u00e1tica Catedral de Morelia,<\/p>\n","protected":false},"author":1,"featured_media":0,"comment_status":"open","ping_status":"open","sticky":false,"template":"","format":"standard","meta":{"footnotes":""},"categories":[14,3],"tags":[],"class_list":["post-4374","post","type-post","status-publish","format-standard","hentry","category-destacadas","category-gobierno-del-estado-de-michoacan"],"_links":{"self":[{"href":"https:\/\/radiowebmx.com\/nota\/wp-json\/wp\/v2\/posts\/4374","targetHints":{"allow":["GET"]}}],"collection":[{"href":"https:\/\/radiowebmx.com\/nota\/wp-json\/wp\/v2\/posts"}],"about":[{"href":"https:\/\/radiowebmx.com\/nota\/wp-json\/wp\/v2\/types\/post"}],"author":[{"embeddable":true,"href":"https:\/\/radiowebmx.com\/nota\/wp-json\/wp\/v2\/users\/1"}],"replies":[{"embeddable":true,"href":"https:\/\/radiowebmx.com\/nota\/wp-json\/wp\/v2\/comments?post=4374"}],"version-history":[{"count":2,"href":"https:\/\/radiowebmx.com\/nota\/wp-json\/wp\/v2\/posts\/4374\/revisions"}],"predecessor-version":[{"id":4377,"href":"https:\/\/radiowebmx.com\/nota\/wp-json\/wp\/v2\/posts\/4374\/revisions\/4377"}],"wp:attachment":[{"href":"https:\/\/radiowebmx.com\/nota\/wp-json\/wp\/v2\/media?parent=4374"}],"wp:term":[{"taxonomy":"category","embeddable":true,"href":"https:\/\/radiowebmx.com\/nota\/wp-json\/wp\/v2\/categories?post=4374"},{"taxonomy":"post_tag","embeddable":true,"href":"https:\/\/radiowebmx.com\/nota\/wp-json\/wp\/v2\/tags?post=4374"}],"curies":[{"name":"wp","href":"https:\/\/api.w.org\/{rel}","templated":true}]}}