{"id":4364,"date":"2013-11-01T11:46:27","date_gmt":"2013-11-01T17:46:27","guid":{"rendered":"https:\/\/radiowebmx.com\/nota\/?p=4364"},"modified":"2013-11-01T11:46:27","modified_gmt":"2013-11-01T17:46:27","slug":"presidentes-de-tribunales-visitan-michoacan-y-comparten-sus-experiencias-en-oralidad-penal-mercantil-y-familiar","status":"publish","type":"post","link":"https:\/\/radiowebmx.com\/nota\/presidentes-de-tribunales-visitan-michoacan-y-comparten-sus-experiencias-en-oralidad-penal-mercantil-y-familiar\/","title":{"rendered":"Presidentes de tribunales visitan Michoac\u00e1n y comparten sus experiencias en oralidad  penal, mercantil y familiar"},"content":{"rendered":"<p><a href=\"https:\/\/radiowebmx.com\/nota\/wp-content\/uploads\/2013\/11\/2.jpg\"><img loading=\"lazy\" decoding=\"async\" class=\"alignleft size-full wp-image-4365\" alt=\"2\" src=\"https:\/\/radiowebmx.com\/nota\/wp-content\/uploads\/2013\/11\/2.jpg\" width=\"591\" height=\"252\" \/><\/a>Con el objetivo de conocer diversas experiencias en la implementaci\u00f3n de la oralidad en las materias penal, mercantil y familiar, Juan Antonio Maga\u00f1a de la Mora, presidente del Supremo Tribunal de Justicia y del Consejo del Poder Judicial, se reuni\u00f3 con presidentes y servidores p\u00fablicos de tribunales de varios estados del pa\u00eds.<\/p>\n<p>&nbsp;<\/p>\n<p>En el encuentro estuvieron: Pedro Antonio Enr\u00edquez Soto, magistrado presidente del Tribunal Superior de Justicia de Nayarit; Edgar El\u00edas Azar, magistrado presidente del Tribunal Superior de Justicia y del Consejo de la Judicatura del Distrito Federal; Mar\u00eda Elena S\u00e1nchez Guzm\u00e1n, magistrada en representaci\u00f3n del Supremo Tribunal de Justicia de San Luis Potos\u00ed; Juan Antonio Casta\u00f1eda Ruiz, magistrado presidente del Tribunal Superior de Justicia de Zacatecas; \u00c1ngela Quiroga Quiroga, directora del Instituto de Estudios Judiciales del Distrito Judicial; Nadia Luz Mar\u00eda Lara Ch\u00e1vez, magistrada presidente de Tribunal Superior de Justicia de Morelos; y Julio Ernesto P\u00e9rez Soria, consejero del Poder Judicial de Morelos.<\/p>\n<p>&nbsp;<\/p>\n<p>Cada uno de los asistentes comparti\u00f3 la situaci\u00f3n actual de sus lugares de origen, en cuanto a oralidad penal, familiar y mercantil, as\u00ed como las experiencias en el camino recorrido, aciertos y obst\u00e1culos superados durante la implementaci\u00f3n. Con lo anterior, cada uno de los estados participantes puede tomar las experiencias del otro y lograr una implementaci\u00f3n mucho m\u00e1s acertada.<\/p>\n<p>&nbsp;<\/p>\n<p>Avances en cuanto a capacitaci\u00f3n de los servidores p\u00fablicos encargados de la implementaci\u00f3n, infraestructura requerida y equipamiento con nuevas tecnolog\u00edas de informaci\u00f3n, avances y necesidades de normatividad, as\u00ed como requerimientos de difusi\u00f3n para llegar a los operadores y ciudadan\u00eda, fueron compartidas por cada uno de los estados.<\/p>\n<p>&nbsp;<\/p>\n<p>Asimismo, la reuni\u00f3n sirvi\u00f3 para que Juan Antonio Maga\u00f1a de la Mora, reiterara la invitaci\u00f3n a los magistrados presidentes para asistir en 2015 a Ario de Rosales,\u00a0al bicentenario de la instalaci\u00f3n del Primer\u00a0Supremo Tribunal de Justicia para la Libertad de la Am\u00e9rica Mexicana.<\/p>\n<p>&nbsp;<\/p>\n<p><b>Avances en oralidad en Michoac\u00e1n<\/b><\/p>\n<p>&nbsp;<\/p>\n<p>Cabe recordar que en d\u00edas pasados, Maga\u00f1a de la Mora dio a conocer que a partir de enero de 2014 en Morelia operar\u00e1n dos nuevos juzgados de primera instancia en materia familiar, y que la instituci\u00f3n se encuentra realizando estudios para determinar en qu\u00e9 momento y de qu\u00e9 forma llevar a cabo la oralidad familiar.<\/p>\n<p>&nbsp;<\/p>\n<p>En cuanto a oralidad mercantil, desde el primero de julio de este a\u00f1o, los juzgados de primera instancia civiles y mixtos son los encargados de conocer, provisionalmente, de los juicios orales mercantiles, con lo cual, el Poder Judicial de Michoac\u00e1n cumple con esta nueva disposici\u00f3n.<\/p>\n<p>&nbsp;<\/p>\n<p>El Poder Judicial de Michoac\u00e1n se encuentra ya en condiciones para cumplir con la entrada en vigor del nuevo sistema de justicia penal, en febrero de 2014 en la regi\u00f3n Morelia, para lo cual ha realizado importantes esfuerzos en cuanto a capacitaci\u00f3n e infraestructura.<\/p>\n","protected":false},"excerpt":{"rendered":"<p>Con el objetivo de conocer diversas experiencias en la implementaci\u00f3n de la oralidad en las materias penal, mercantil y familiar, Juan Antonio Maga\u00f1a de la Mora<\/p>\n","protected":false},"author":1,"featured_media":0,"comment_status":"open","ping_status":"open","sticky":false,"template":"","format":"standard","meta":{"footnotes":""},"categories":[14,3],"tags":[],"class_list":["post-4364","post","type-post","status-publish","format-standard","hentry","category-destacadas","category-gobierno-del-estado-de-michoacan"],"_links":{"self":[{"href":"https:\/\/radiowebmx.com\/nota\/wp-json\/wp\/v2\/posts\/4364","targetHints":{"allow":["GET"]}}],"collection":[{"href":"https:\/\/radiowebmx.com\/nota\/wp-json\/wp\/v2\/posts"}],"about":[{"href":"https:\/\/radiowebmx.com\/nota\/wp-json\/wp\/v2\/types\/post"}],"author":[{"embeddable":true,"href":"https:\/\/radiowebmx.com\/nota\/wp-json\/wp\/v2\/users\/1"}],"replies":[{"embeddable":true,"href":"https:\/\/radiowebmx.com\/nota\/wp-json\/wp\/v2\/comments?post=4364"}],"version-history":[{"count":2,"href":"https:\/\/radiowebmx.com\/nota\/wp-json\/wp\/v2\/posts\/4364\/revisions"}],"predecessor-version":[{"id":4367,"href":"https:\/\/radiowebmx.com\/nota\/wp-json\/wp\/v2\/posts\/4364\/revisions\/4367"}],"wp:attachment":[{"href":"https:\/\/radiowebmx.com\/nota\/wp-json\/wp\/v2\/media?parent=4364"}],"wp:term":[{"taxonomy":"category","embeddable":true,"href":"https:\/\/radiowebmx.com\/nota\/wp-json\/wp\/v2\/categories?post=4364"},{"taxonomy":"post_tag","embeddable":true,"href":"https:\/\/radiowebmx.com\/nota\/wp-json\/wp\/v2\/tags?post=4364"}],"curies":[{"name":"wp","href":"https:\/\/api.w.org\/{rel}","templated":true}]}}