{"id":4358,"date":"2013-11-01T11:41:19","date_gmt":"2013-11-01T17:41:19","guid":{"rendered":"https:\/\/radiowebmx.com\/nota\/?p=4358"},"modified":"2013-11-01T11:41:19","modified_gmt":"2013-11-01T17:41:19","slug":"realiza-la-utm-altares-y-pasarela-de-catrinas-para-festejar-el-dia-de-muertos","status":"publish","type":"post","link":"https:\/\/radiowebmx.com\/nota\/realiza-la-utm-altares-y-pasarela-de-catrinas-para-festejar-el-dia-de-muertos\/","title":{"rendered":"REALIZA LA UTM ALTARES Y PASARELA DE CATRINAS PARA FESTEJAR EL D\u00cdA DE MUERTOS"},"content":{"rendered":"<p><a href=\"https:\/\/radiowebmx.com\/nota\/wp-content\/uploads\/2013\/11\/UTM-3.jpg\"><img loading=\"lazy\" decoding=\"async\" class=\"alignleft size-full wp-image-4359\" alt=\"UTM (3)\" src=\"https:\/\/radiowebmx.com\/nota\/wp-content\/uploads\/2013\/11\/UTM-3.jpg\" width=\"591\" height=\"379\" \/><\/a>Con el objetivo de exaltar y preservar las tradiciones michoacanas, la Universidad Tecnol\u00f3gica de Morelia (UTM), celebr\u00f3 el D\u00eda de Muertos con una exhibici\u00f3n de altares y una pasarela de catrinas organizada por alumnos de la carrera de Dise\u00f1o y Moda Industrial.<\/p>\n<p>Desde muy temprano la explanada principal de la UTM, se fue vistiendo de flor de cempas\u00fachil, papel picado, tapetes florales y de aserr\u00edn, inciensos, arcos adornados con flores y palmillas, as\u00ed como las ofrendas que pusieron para rendir tributo a sus seres queridos y personajes reconocidos difuntos, en los m\u00e1s de 40 altares que estuvieron en la muestra.<\/p>\n<p>Y es que la Academia de Hist\u00f3rico Social de la UTM, en coordinaci\u00f3n con el Departamento de Actividades Culturales y Deportivas, organizaron estas actividades para celebrar esta fecha tan importante para la cultura mexicana, adem\u00e1s que esta exhibici\u00f3n se ha convertido en una tradici\u00f3n para la comunidad universitaria.<\/p>\n<p>Asimismo, catrinas engalanaron el evento con una pasarela organizada por j\u00f3venes de la carrera de Dise\u00f1o y Moda Industrial de la instituci\u00f3n, en donde los alumnos mostraron sus habilidades mediante creaciones y dise\u00f1os innovadores, deleitando a los asistentes.<\/p>\n<p>Enriqueci\u00f3 este evento el Ballet Folkl\u00f3rico Michoac\u00e1n, que efectu\u00f3 varias interpretaciones entre las que destacaron la tradicional Danza de los Viejitos y la danza de Apatzing\u00e1n, concentrando no s\u00f3lo a la comunidad universitaria, sino tambi\u00e9n a padres de familia.<\/p>\n<p>Directores de las distintas carreras, as\u00ed como profesores y personal administrativo, realizaron un recorrido para apreciar la calidad de los altares y escucharon los conceptos en los que los participantes se apoyaron para su elaboraci\u00f3n.<\/p>\n<p>Atole, pan de muerto y pasteles, elaborados por alumnos de la carrera de Gastronom\u00eda, animaron la sana convivencia en la Universidad Tecnol\u00f3gica de Morelia.<\/p>\n","protected":false},"excerpt":{"rendered":"<p>Con el objetivo de exaltar y preservar las tradiciones michoacanas, la Universidad Tecnol\u00f3gica de Morelia (UTM), celebr\u00f3 el D\u00eda de Muertos con una exhibici\u00f3n de altares y una pasarela de catrinas organizada por alumnos de la carrera de Dise\u00f1o y Moda Industrial.<\/p>\n","protected":false},"author":1,"featured_media":0,"comment_status":"open","ping_status":"open","sticky":false,"template":"","format":"standard","meta":{"footnotes":""},"categories":[14,3],"tags":[],"class_list":["post-4358","post","type-post","status-publish","format-standard","hentry","category-destacadas","category-gobierno-del-estado-de-michoacan"],"_links":{"self":[{"href":"https:\/\/radiowebmx.com\/nota\/wp-json\/wp\/v2\/posts\/4358","targetHints":{"allow":["GET"]}}],"collection":[{"href":"https:\/\/radiowebmx.com\/nota\/wp-json\/wp\/v2\/posts"}],"about":[{"href":"https:\/\/radiowebmx.com\/nota\/wp-json\/wp\/v2\/types\/post"}],"author":[{"embeddable":true,"href":"https:\/\/radiowebmx.com\/nota\/wp-json\/wp\/v2\/users\/1"}],"replies":[{"embeddable":true,"href":"https:\/\/radiowebmx.com\/nota\/wp-json\/wp\/v2\/comments?post=4358"}],"version-history":[{"count":1,"href":"https:\/\/radiowebmx.com\/nota\/wp-json\/wp\/v2\/posts\/4358\/revisions"}],"predecessor-version":[{"id":4360,"href":"https:\/\/radiowebmx.com\/nota\/wp-json\/wp\/v2\/posts\/4358\/revisions\/4360"}],"wp:attachment":[{"href":"https:\/\/radiowebmx.com\/nota\/wp-json\/wp\/v2\/media?parent=4358"}],"wp:term":[{"taxonomy":"category","embeddable":true,"href":"https:\/\/radiowebmx.com\/nota\/wp-json\/wp\/v2\/categories?post=4358"},{"taxonomy":"post_tag","embeddable":true,"href":"https:\/\/radiowebmx.com\/nota\/wp-json\/wp\/v2\/tags?post=4358"}],"curies":[{"name":"wp","href":"https:\/\/api.w.org\/{rel}","templated":true}]}}