{"id":4354,"date":"2013-11-01T11:35:52","date_gmt":"2013-11-01T17:35:52","guid":{"rendered":"https:\/\/radiowebmx.com\/nota\/?p=4354"},"modified":"2013-11-01T11:35:52","modified_gmt":"2013-11-01T17:35:52","slug":"inicia-operativo-de-invierno-del-programa-paisano","status":"publish","type":"post","link":"https:\/\/radiowebmx.com\/nota\/inicia-operativo-de-invierno-del-programa-paisano\/","title":{"rendered":"INICIA OPERATIVO DE INVIERNO DEL PROGRAMA PAISANO"},"content":{"rendered":"<p><a href=\"https:\/\/radiowebmx.com\/nota\/wp-content\/uploads\/2013\/11\/DSC_5107.jpg\"><img loading=\"lazy\" decoding=\"async\" class=\"alignleft  wp-image-4355\" alt=\"DSC_5107\" src=\"https:\/\/radiowebmx.com\/nota\/wp-content\/uploads\/2013\/11\/DSC_5107.jpg\" width=\"1158\" height=\"526\" \/><\/a>Este viernes primero de noviembre inicia el Operativo del Programa Paisano invierno 2013, con el cual se busca garantizar el ingreso, tr\u00e1nsito y salida de los connacionales a la entidad con absoluto respeto de sus derechos y el conocimiento de sus obligaciones, para lo cual el Instituto Nacional de Migraci\u00f3n federal, la Secretar\u00eda de Relaciones Exteriores, \u00c1ngeles Verdes y la Secretar\u00eda del Migrante del estado, pusieron en marcha dentro de este Programa, los Paraderos Seguros en Taretan, Contepec y uno nuevo en Zinap\u00e9cuaro.<\/p>\n<p>En representaci\u00f3n de Luis Carlos Ch\u00e1vez Santacruz, secretario del Migrante, Guadalupe Engracia Garc\u00eda Cort\u00e9s, coordinadora de Pol\u00edticas P\u00fablicas y Programas Transversales de la Semigrante, asegur\u00f3 que los gobiernos estatal y federal se encuentran preparados y coordinados para atender a por lo menos 48 mil paisanos, cifra que representa la cantidad de migrantes atendidos en el mismo periodo del a\u00f1o pasado.<\/p>\n<p>\u201cColocamos puntos de observaci\u00f3n para atender a connacionales, para hacer m\u00e1s eficaz m\u00e1s amigable, m\u00e1s entendible, con mejores datos, anteriormente se distribu\u00eda en los puntos de internaci\u00f3n, en los aeropuertos y centrales de autobuses, hoy buscamos a trav\u00e9s de la coordinaci\u00f3n entre las instituciones aqu\u00ed citadas, que esta informaci\u00f3n sea conocida por los migrantes desde el extranjero, previo a su ingreso\u201d, agreg\u00f3.<\/p>\n<p>Los Paraderos Seguros se instalar\u00e1n del 01 de noviembre al 08 de enero de 2014, tambi\u00e9n en las casetas de las autopistas Occidente y Siglo XXI; y contar\u00e1n con personal del Instituto Nacional de Migraci\u00f3n (INM), Polic\u00eda Federal (PF) y \u00c1ngeles verdes<\/p>\n<p>Tambi\u00e9n, Guadalupe Garc\u00eda expuso que mediante los 113 enlaces que se tienen en cada uno de los municipios michoacanos, las autoridades estar\u00e1n atentas a cualquier petici\u00f3n de los migrantes, ya sea a su llegada, durante su visita a cuando ya vayan a regresar al extranjero; record\u00f3 que est\u00e1 disponible el m\u00f3dulo en la Secretar\u00eda del Migrante para todos los michoacanos que retornan y sus familias.<\/p>\n<p>De igual forma se\u00f1al\u00f3 que se trabaja conjuntamente con los Centros Municipales de Atenci\u00f3n al Migrante para evitar fraudes a los paisanos y sus familias, ante la reforma migratoria de los Estados Unidos en puerta.<\/p>\n<p>Por su parte, Alejandro Alfaro Garc\u00eda, jefe de Servicios de la Corporaci\u00f3n \u00c1ngeles Verdes, explic\u00f3 que apoyar\u00e1n al Programa Paisano 24 horas al d\u00eda en puntos importantes, en las casetas de cobro de Taretan, Contepec y uno nuevo en Zinap\u00e9cuaro, para auxiliar a quienes sufran alg\u00fan percance en las carreteras.<\/p>\n<p>En la rueda de prensa tambi\u00e9n estuvieron presentes Gerardo Rodr\u00edguez T\u00e9llez, delegado federal en Michoac\u00e1n del INM; y Malco Gibr\u00e1n Gonz\u00e1lez Macedo, delegado de la Secretar\u00eda de Relaciones Exteriores.<\/p>\n<p>Para mayor informaci\u00f3n los migrantes pueden marcar desde Estados Unidos al 18772109469; o bien ya en M\u00e9xico al 018002018542.<\/p>\n<p>La p\u00e1gina de Internet es <a href=\"http:\/\/www.paisano%2Cgob.mx\/\">www.paisano,gob.mx<\/a> y el correo electr\u00f3nico es <a href=\"mailto:atencionpaisano@inami.gob.mx\">atencionpaisano@inami.gob.mx<\/a>, as\u00ed como en las redes sociales, <a href=\"http:\/\/www.facebook.com\/programapaisano\">www.facebook.com\/programapaisano<\/a> y <a href=\"http:\/\/www.twitter.com\/programapaisano\">www.twitter.com\/programapaisano<\/a><\/p>\n","protected":false},"excerpt":{"rendered":"<p>Este viernes primero de noviembre inicia el Operativo del Programa Paisano invierno 2013, con el cual se busca garantizar el ingreso, tr\u00e1nsito y salida de los connacionales a la entidad con absoluto respeto de sus derechos y el conocimiento de sus obligaciones, para lo cual el Instituto Nacional de Migraci\u00f3n federal,<\/p>\n","protected":false},"author":1,"featured_media":0,"comment_status":"open","ping_status":"open","sticky":false,"template":"","format":"standard","meta":{"footnotes":""},"categories":[14,3],"tags":[],"class_list":["post-4354","post","type-post","status-publish","format-standard","hentry","category-destacadas","category-gobierno-del-estado-de-michoacan"],"_links":{"self":[{"href":"https:\/\/radiowebmx.com\/nota\/wp-json\/wp\/v2\/posts\/4354","targetHints":{"allow":["GET"]}}],"collection":[{"href":"https:\/\/radiowebmx.com\/nota\/wp-json\/wp\/v2\/posts"}],"about":[{"href":"https:\/\/radiowebmx.com\/nota\/wp-json\/wp\/v2\/types\/post"}],"author":[{"embeddable":true,"href":"https:\/\/radiowebmx.com\/nota\/wp-json\/wp\/v2\/users\/1"}],"replies":[{"embeddable":true,"href":"https:\/\/radiowebmx.com\/nota\/wp-json\/wp\/v2\/comments?post=4354"}],"version-history":[{"count":2,"href":"https:\/\/radiowebmx.com\/nota\/wp-json\/wp\/v2\/posts\/4354\/revisions"}],"predecessor-version":[{"id":4357,"href":"https:\/\/radiowebmx.com\/nota\/wp-json\/wp\/v2\/posts\/4354\/revisions\/4357"}],"wp:attachment":[{"href":"https:\/\/radiowebmx.com\/nota\/wp-json\/wp\/v2\/media?parent=4354"}],"wp:term":[{"taxonomy":"category","embeddable":true,"href":"https:\/\/radiowebmx.com\/nota\/wp-json\/wp\/v2\/categories?post=4354"},{"taxonomy":"post_tag","embeddable":true,"href":"https:\/\/radiowebmx.com\/nota\/wp-json\/wp\/v2\/tags?post=4354"}],"curies":[{"name":"wp","href":"https:\/\/api.w.org\/{rel}","templated":true}]}}