{"id":4350,"date":"2013-11-01T11:26:20","date_gmt":"2013-11-01T17:26:20","guid":{"rendered":"https:\/\/radiowebmx.com\/nota\/?p=4350"},"modified":"2013-11-01T11:26:20","modified_gmt":"2013-11-01T17:26:20","slug":"asiste-jesus-sierra-arias-a-instalacion-del-consejo-regional-centro-occidente-de-la-educacion-media-superior","status":"publish","type":"post","link":"https:\/\/radiowebmx.com\/nota\/asiste-jesus-sierra-arias-a-instalacion-del-consejo-regional-centro-occidente-de-la-educacion-media-superior\/","title":{"rendered":"ASISTE JES\u00daS SIERRA ARIAS A INSTALACI\u00d3N DEL CONSEJO REGIONAL CENTRO-OCCIDENTE DE LA EDUCACI\u00d3N MEDIA SUPERIOR"},"content":{"rendered":"<p><a href=\"https:\/\/radiowebmx.com\/nota\/wp-content\/uploads\/2013\/11\/FOTO-AGS-JSA-2.jpg\"><img loading=\"lazy\" decoding=\"async\" class=\"alignleft size-full wp-image-4351\" alt=\"FOTO AGS JSA (2)\" src=\"https:\/\/radiowebmx.com\/nota\/wp-content\/uploads\/2013\/11\/FOTO-AGS-JSA-2.jpg\" width=\"591\" height=\"298\" \/><\/a>El secretario de Educaci\u00f3n en Michoac\u00e1n, J. Jes\u00fas Sierra Arias, asisti\u00f3 a esta ciudad a la instalaci\u00f3n del Consejo Regional Centro Occidente del Espacio Com\u00fan de la Educaci\u00f3n Media Superior, donde se coincidi\u00f3 que la educaci\u00f3n ha significado oportunidades de superaci\u00f3n social y progreso econ\u00f3mico para todos los pueblos del mundo.<\/p>\n<p>Con la presencia del gobernador de esta entidad, Carlos Lozano de la Torre y Rodolfo Tuir\u00e1n Guti\u00e9rrez, subsecretario de Educaci\u00f3n Media Superior de la Secretar\u00eda de Educaci\u00f3n P\u00fablica (SEP), en la reuni\u00f3n tambi\u00e9n se estableci\u00f3 que s\u00f3lo a trav\u00e9s de la cooperaci\u00f3n se podr\u00e1 avanzar en la transformaci\u00f3n de la educaci\u00f3n en M\u00e9xico.<\/p>\n<p>Al hacer uso de la palabra, el subsecretario de Educaci\u00f3n Media Superior de la SEP, Rodolfo Tuir\u00e1n Guti\u00e9rrez, afirm\u00f3 que es a trav\u00e9s de la uni\u00f3n de esfuerzos como se podr\u00e1n configurar proyectos colectivos que pongan al pa\u00eds en una situaci\u00f3n cada vez m\u00e1s favorable a la que vivimos hoy en d\u00eda.<\/p>\n<p>Tuir\u00e1n Guti\u00e9rrez celebr\u00f3 la instalaci\u00f3n de este nuevo esquema de Espacio Com\u00fan que tienen como fin lograr una mejora en el rendimiento a nivel bachillerato.<\/p>\n<p>Con este esquema se buscan fortalecer acciones para la formaci\u00f3n, actualizaci\u00f3n y profesionalizaci\u00f3n de la planta docente y directiva de las instituciones de educaci\u00f3n media superior.<\/p>\n<p>Esta ello, se sustentar\u00e1 la responsabilidad, la voluntad y la conciencia de sumar esfuerzos en el espacio propio y en el de esta regi\u00f3n, Centro-Occidente y ofrecer a los estudiantes una realidad acorde a los avances cient\u00edficos y tecnol\u00f3gicos, con profunda reflexi\u00f3n filos\u00f3fica y social.<\/p>\n<p>En el Espacio Com\u00fan de Educaci\u00f3n Media se trabajar\u00e1 de manera conjunta entre instituciones pertenecientes a la DGTI, DGTA, DGB, CECATI, CECYTEA, ICTEA, CEPTEA, as\u00ed como la Universidad Aut\u00f3noma de Aguascalientes.<\/p>\n<p>Posteriormente, las autoridades educativas procedieron a instalar la Primera Sesi\u00f3n del Consejo Regional del Espacio Com\u00fan de Educaci\u00f3n Media Superior, en la que participaron adem\u00e1s los titulares de Educaci\u00f3n de los estados de Colima, Guanajuato, Jalisco, Nayarit y Aguascalientes, as\u00ed como encargados de la Educaci\u00f3n a este nivel, con el objetivo de impulsar acciones que vinculen a la Media Superior, con los sectores p\u00fablico, social y privado, adem\u00e1s de los niveles de educaci\u00f3n B\u00e1sica y Superior.<b><\/b><\/p>\n","protected":false},"excerpt":{"rendered":"<p>El secretario de Educaci\u00f3n en Michoac\u00e1n, J. Jes\u00fas Sierra Arias, asisti\u00f3 a esta ciudad a la instalaci\u00f3n del Consejo Regional Centro Occidente del Espacio Com\u00fan de la Educaci\u00f3n Media Superior,<\/p>\n","protected":false},"author":1,"featured_media":0,"comment_status":"open","ping_status":"open","sticky":false,"template":"","format":"standard","meta":{"footnotes":""},"categories":[14,3],"tags":[],"class_list":["post-4350","post","type-post","status-publish","format-standard","hentry","category-destacadas","category-gobierno-del-estado-de-michoacan"],"_links":{"self":[{"href":"https:\/\/radiowebmx.com\/nota\/wp-json\/wp\/v2\/posts\/4350","targetHints":{"allow":["GET"]}}],"collection":[{"href":"https:\/\/radiowebmx.com\/nota\/wp-json\/wp\/v2\/posts"}],"about":[{"href":"https:\/\/radiowebmx.com\/nota\/wp-json\/wp\/v2\/types\/post"}],"author":[{"embeddable":true,"href":"https:\/\/radiowebmx.com\/nota\/wp-json\/wp\/v2\/users\/1"}],"replies":[{"embeddable":true,"href":"https:\/\/radiowebmx.com\/nota\/wp-json\/wp\/v2\/comments?post=4350"}],"version-history":[{"count":2,"href":"https:\/\/radiowebmx.com\/nota\/wp-json\/wp\/v2\/posts\/4350\/revisions"}],"predecessor-version":[{"id":4353,"href":"https:\/\/radiowebmx.com\/nota\/wp-json\/wp\/v2\/posts\/4350\/revisions\/4353"}],"wp:attachment":[{"href":"https:\/\/radiowebmx.com\/nota\/wp-json\/wp\/v2\/media?parent=4350"}],"wp:term":[{"taxonomy":"category","embeddable":true,"href":"https:\/\/radiowebmx.com\/nota\/wp-json\/wp\/v2\/categories?post=4350"},{"taxonomy":"post_tag","embeddable":true,"href":"https:\/\/radiowebmx.com\/nota\/wp-json\/wp\/v2\/tags?post=4350"}],"curies":[{"name":"wp","href":"https:\/\/api.w.org\/{rel}","templated":true}]}}