{"id":4339,"date":"2013-10-30T11:45:55","date_gmt":"2013-10-30T17:45:55","guid":{"rendered":"https:\/\/radiowebmx.com\/nota\/?p=4339"},"modified":"2013-10-30T11:45:55","modified_gmt":"2013-10-30T17:45:55","slug":"instituto-tecnologico-superior-de-apatzingan-ahorra-recursos-e-impulsara-proyectos-de-investigacion","status":"publish","type":"post","link":"https:\/\/radiowebmx.com\/nota\/instituto-tecnologico-superior-de-apatzingan-ahorra-recursos-e-impulsara-proyectos-de-investigacion\/","title":{"rendered":"INSTITUTO TECNOL\u00d3GICO SUPERIOR DE APATZING\u00c1N AHORR\u00c1 RECURSOS E IMPULSAR\u00c1 PROYECTOS DE INVESTIGACI\u00d3N"},"content":{"rendered":"<p>Autoridades del Instituto Tecnol\u00f3gico Superior de Apatzing\u00e1n\u00a0 (ITSA), firmaron un convenio de colaboraci\u00f3n con la Comisi\u00f3n Federal de Electricidad (CFE), regi\u00f3n Centro Occidente, para iluminar con tecnolog\u00eda LED a todo el edificio educativo.<\/p>\n<p>De acuerdo con el director general del Instituto Tecnol\u00f3gico Superior de Apatzing\u00e1n, Jos\u00e9 Luis Garibay Ibarra, a partir de la pr\u00f3xima semana, personal de la CFE iniciar\u00e1 la colocaci\u00f3n de la tecnolog\u00eda LED, el cual es un es un sistema de iluminaci\u00f3n duradero, de bajo consumo, muy bajo voltaje, no genera calor, flexible y ecol\u00f3gico.<\/p>\n<p>El equipamiento tendr\u00e1 un costo de un mill\u00f3n de pesos y ser\u00e1 cubierto por la paraestatal, cuya inversi\u00f3n permitir\u00e1 que la instituci\u00f3n educativa tenga un ahorro del 40 por ciento del pago en el servicio de energ\u00eda el\u00e9ctrica.<\/p>\n<p>El directivo coment\u00f3 que debido a las altas temperaturas de la regi\u00f3n de Apatzing\u00e1n,\u00a0 la instituci\u00f3n educativa paga un promedio de 100 mil pesos por el consumo luz el\u00e9ctrica, principalmente para el uso de aire acondicionado y otros servicios.<\/p>\n<p>Con este convenio de colaboraci\u00f3n, permitir\u00e1 a las autoridades del ITSA que los 40 mil pesos que se ahorrar\u00e1n en este servicio, se destinen para impulsar la realizaci\u00f3n de proyectos de investigaci\u00f3n innovadores y creativos, cuyas aplicaciones permitan un impacto positivo en el desarrollo de la regi\u00f3n.<\/p>\n<p>\u201cTengo indicaciones del secretario de Educaci\u00f3n, Jes\u00fas Sierra Arias, que este recurso que vamos ahorrar, de invertirlo en mayores proyectos de investigaci\u00f3n, as\u00ed como en la capacitaci\u00f3n de docentes\u201d, enfatiz\u00f3 el director general.<\/p>\n<p>Cabe mencionar que el Instituto Tecnol\u00f3gico ha tenido importantes reconocimientos a nivel nacional con el desarrollo de proyectos de investigaci\u00f3n, los cuales han permitido la aplicaci\u00f3n de sus resultados para lograr mayores oportunidades de crecimiento econ\u00f3mico en la zona.<\/p>\n<p>El ITSA ofrece las siguientes carreras: Contador p\u00fablico, Ingenier\u00eda Bioqu\u00edmica, Ingenier\u00eda Civil, Ingenier\u00eda en Gesti\u00f3n Empresarial, Ingenier\u00eda en Sistemas computacionales,\u00a0\u00a0 Licenciatura en Inform\u00e1tica e Ingenier\u00eda industrial.<\/p>\n","protected":false},"excerpt":{"rendered":"<p>Autoridades del Instituto Tecnol\u00f3gico Superior de Apatzing\u00e1n  (ITSA), firmaron un convenio de colaboraci\u00f3n con la Comisi\u00f3n Federal de Electricidad (CFE), regi\u00f3n Centro Occidente, para iluminar con tecnolog\u00eda LED a todo el edificio educativo.<\/p>\n","protected":false},"author":1,"featured_media":0,"comment_status":"open","ping_status":"open","sticky":false,"template":"","format":"standard","meta":{"footnotes":""},"categories":[3],"tags":[],"class_list":["post-4339","post","type-post","status-publish","format-standard","hentry","category-gobierno-del-estado-de-michoacan"],"_links":{"self":[{"href":"https:\/\/radiowebmx.com\/nota\/wp-json\/wp\/v2\/posts\/4339","targetHints":{"allow":["GET"]}}],"collection":[{"href":"https:\/\/radiowebmx.com\/nota\/wp-json\/wp\/v2\/posts"}],"about":[{"href":"https:\/\/radiowebmx.com\/nota\/wp-json\/wp\/v2\/types\/post"}],"author":[{"embeddable":true,"href":"https:\/\/radiowebmx.com\/nota\/wp-json\/wp\/v2\/users\/1"}],"replies":[{"embeddable":true,"href":"https:\/\/radiowebmx.com\/nota\/wp-json\/wp\/v2\/comments?post=4339"}],"version-history":[{"count":1,"href":"https:\/\/radiowebmx.com\/nota\/wp-json\/wp\/v2\/posts\/4339\/revisions"}],"predecessor-version":[{"id":4340,"href":"https:\/\/radiowebmx.com\/nota\/wp-json\/wp\/v2\/posts\/4339\/revisions\/4340"}],"wp:attachment":[{"href":"https:\/\/radiowebmx.com\/nota\/wp-json\/wp\/v2\/media?parent=4339"}],"wp:term":[{"taxonomy":"category","embeddable":true,"href":"https:\/\/radiowebmx.com\/nota\/wp-json\/wp\/v2\/categories?post=4339"},{"taxonomy":"post_tag","embeddable":true,"href":"https:\/\/radiowebmx.com\/nota\/wp-json\/wp\/v2\/tags?post=4339"}],"curies":[{"name":"wp","href":"https:\/\/api.w.org\/{rel}","templated":true}]}}