{"id":4329,"date":"2013-10-30T11:33:09","date_gmt":"2013-10-30T17:33:09","guid":{"rendered":"https:\/\/radiowebmx.com\/nota\/?p=4329"},"modified":"2013-10-30T11:33:09","modified_gmt":"2013-10-30T17:33:09","slug":"respaldan-a-migrantes-de-la-region-oriente-en-acciones-a-favor-de-sus-municipios","status":"publish","type":"post","link":"https:\/\/radiowebmx.com\/nota\/respaldan-a-migrantes-de-la-region-oriente-en-acciones-a-favor-de-sus-municipios\/","title":{"rendered":"RESPALDAN A MIGRANTES DE LA REGI\u00d3N ORIENTE  EN ACCIONES A FAVOR DE SUS MUNICIPIOS"},"content":{"rendered":"<p>Convencido de que los connacionales representan un fuerte aliado para llevar desarrollo a las comunidades, el titular de la Secretar\u00eda del Migrante del estado (Semigrante), Luis Carlos Ch\u00e1vez Santacruz, entreg\u00f3 recursos por el orden de un mill\u00f3n 347 mil 40 pesos del Fondo de Apoyo a Migrantes (FAMI), a beneficiarios de los municipios de la regi\u00f3n Oriente, quienes emprender\u00e1n 108 proyectos productivos.<\/p>\n<p>Ch\u00e1vez Santacruz, acompa\u00f1ado de los presidentes municipales de Morelos y Zinap\u00e9cuaro, Arturo Ayala Mart\u00ednez y\u00a0 Dagoberto Mej\u00eda Valdez, respectivamente, realiz\u00f3 la entrega de los recursos con el objetivo de generar sinergias para que potencialicen la actividad econ\u00f3mica en las diversas poblaciones.<\/p>\n<p>El titular de Semigrante, resalt\u00f3 la importancia de coordinar esfuerzos con los municipios para atender las necesidades de los connacionales y sus familias, y celebr\u00f3 las aportaciones de los beneficiarios en el rubro de proyectos productivos.<\/p>\n<p>En este contexto, enfatiz\u00f3 que con la colaboraci\u00f3n de la sociedad y los gobiernos, es como se detona el progreso en los municipios, al tiempo que resalt\u00f3 el esfuerzo que realizan los alcaldes de los municipios participantes por su ejemplar desempe\u00f1o en la ejecuci\u00f3n de proyectos del Fondo de Apoyo al Migrante.<\/p>\n<p>De igual forma, se firmaron los convenios de ejecuci\u00f3n municipalizada para el ejercicio 2013 dentro del programa de Fondo de Apoyo a Migrantes, con el municipio anfitri\u00f3n, Maravat\u00edo, adem\u00e1s de Acuitzio, \u00c1lvaro Obreg\u00f3n, Coeneo, Huandacareo, Quer\u00e9ndaro y Zinap\u00e9cuaro, as\u00ed como Acuitzio, Jungapeo y Tuxpan, para que sean beneficiarios los migrantes y sus familias.<\/p>\n<p>El FAMI respalda a los migrantes en retorno quienes reciben apoyos econ\u00f3micos v\u00eda remesas, para que puedan encontrar una ocupaci\u00f3n en el mercado formal, adem\u00e1s de contar con opciones de autoempleo, generar ingresos, as\u00ed como mejorar su capital humano y su vivienda.<\/p>\n<p>Los recursos fueron entregados de la siguiente manera:<\/p>\n<ul>\n<li>\u00c1lvaro Obreg\u00f3n:\u00a0 \u00a0$162,143.78<\/li>\n<li>Coeneo:\u00a0\u00a0\u00a0\u00a0\u00a0\u00a0\u00a0\u00a0\u00a0\u00a0\u00a0\u00a0\u00a0\u00a0 \u00a0$162,143.78<\/li>\n<li>Hidalgo:\u00a0\u00a0\u00a0\u00a0\u00a0\u00a0\u00a0\u00a0\u00a0\u00a0\u00a0\u00a0\u00a0\u00a0 \u00a0\u00a0$374,177.94<\/li>\n<li>Huandacareo:\u00a0\u00a0\u00a0\u00a0\u00a0\u00a0 $162,143.78<\/li>\n<li>Morelos:\u00a0\u00a0\u00a0\u00a0\u00a0\u00a0\u00a0\u00a0\u00a0\u00a0\u00a0\u00a0\u00a0\u00a0 \u00a0$162,143.78<\/li>\n<li>Quer\u00e9ndaro:\u00a0\u00a0\u00a0\u00a0\u00a0\u00a0\u00a0\u00a0 \u00a0$162,143.78<\/li>\n<li>Zinap\u00e9cuaro:\u00a0\u00a0\u00a0\u00a0\u00a0\u00a0\u00a0 \u00a0$162,143.78<\/li>\n<\/ul>\n","protected":false},"excerpt":{"rendered":"<p>Convencido de que los connacionales representan un fuerte aliado para llevar desarrollo a las comunidades, el titular de la Secretar\u00eda del Migrante del estado (Semigrante), Luis Carlos Ch\u00e1vez Santacruz, <\/p>\n","protected":false},"author":1,"featured_media":0,"comment_status":"open","ping_status":"open","sticky":false,"template":"","format":"standard","meta":{"footnotes":""},"categories":[1],"tags":[],"class_list":["post-4329","post","type-post","status-publish","format-standard","hentry","category-sin-categoria"],"_links":{"self":[{"href":"https:\/\/radiowebmx.com\/nota\/wp-json\/wp\/v2\/posts\/4329","targetHints":{"allow":["GET"]}}],"collection":[{"href":"https:\/\/radiowebmx.com\/nota\/wp-json\/wp\/v2\/posts"}],"about":[{"href":"https:\/\/radiowebmx.com\/nota\/wp-json\/wp\/v2\/types\/post"}],"author":[{"embeddable":true,"href":"https:\/\/radiowebmx.com\/nota\/wp-json\/wp\/v2\/users\/1"}],"replies":[{"embeddable":true,"href":"https:\/\/radiowebmx.com\/nota\/wp-json\/wp\/v2\/comments?post=4329"}],"version-history":[{"count":2,"href":"https:\/\/radiowebmx.com\/nota\/wp-json\/wp\/v2\/posts\/4329\/revisions"}],"predecessor-version":[{"id":4331,"href":"https:\/\/radiowebmx.com\/nota\/wp-json\/wp\/v2\/posts\/4329\/revisions\/4331"}],"wp:attachment":[{"href":"https:\/\/radiowebmx.com\/nota\/wp-json\/wp\/v2\/media?parent=4329"}],"wp:term":[{"taxonomy":"category","embeddable":true,"href":"https:\/\/radiowebmx.com\/nota\/wp-json\/wp\/v2\/categories?post=4329"},{"taxonomy":"post_tag","embeddable":true,"href":"https:\/\/radiowebmx.com\/nota\/wp-json\/wp\/v2\/tags?post=4329"}],"curies":[{"name":"wp","href":"https:\/\/api.w.org\/{rel}","templated":true}]}}