{"id":43244,"date":"2017-08-30T16:32:46","date_gmt":"2017-08-30T21:32:46","guid":{"rendered":"https:\/\/radiowebmx.com\/nota\/?p=43244"},"modified":"2017-08-31T11:36:18","modified_gmt":"2017-08-31T16:36:18","slug":"raul-prieto-presentara-informe-proximo-sabado-en-tarimbaro","status":"publish","type":"post","link":"https:\/\/radiowebmx.com\/nota\/raul-prieto-presentara-informe-proximo-sabado-en-tarimbaro\/","title":{"rendered":"Ra\u00fal Prieto presentar\u00e1 informe pr\u00f3ximo s\u00e1bado en Tar\u00edmbaro"},"content":{"rendered":"<p class=\"x_MsoNormal\"><b>Tarimbaro; Michoac\u00e1n, 30 de agosto de 2017<\/b>.- Para informar de las actividades realizadas durante este segundo a\u00f1o de trabajo legislativo y consciente de que la rendici\u00f3n de cuentas y la transparencia son el \u00fanico camino para que\u00a0 la labor como representante popular pueda ser evaluada y fortalecida, el diputado Ra\u00fal Prieto G\u00f3mez presentar\u00e1 su informe de actividades y de gesti\u00f3n el pr\u00f3ximo s\u00e1bado en Tar\u00edmbaro.<\/p>\n<p class=\"x_MsoNormal\">Al convocar a la poblaci\u00f3n, a asistir a su segundo informe de actividades legislativas que se realizar\u00e1 este s\u00e1bado dos de septiembre a las 5 de la tarde, en el Lienzo Charro \u201cLa Aurora\u201d, en el municipio de Tar\u00edmbaro, reiter\u00f3 que su compromiso es con Michoac\u00e1n y con su distrito de Zinap\u00e9cuaro, por lo que continuar\u00e1 impulsando acciones para el progreso de la entidad.<\/p>\n<p class=\"x_MsoNormal\">El legislador resalt\u00f3 \u201ca lo largo de mi trayectoria de vida y en mi gesti\u00f3n como diputado en la LXXIII Legislatura he defendido la necesidad de propiciar condiciones de justicia social y el abatimiento de las injusticias que genera el actual sistema econ\u00f3mico que ha empobrecido a m\u00e1s de la mitad de los habitantes de nuestro pa\u00eds\u201d.<\/p>\n<p class=\"x_MsoNormal\">Por lo anterior, a\u00f1adi\u00f3 que el desarrollo social es la v\u00eda impulsora para detonar los potenciales de un estado como Michoac\u00e1n, por lo que su atenci\u00f3n debe ser prioritaria en el ejercicio p\u00fablico y de todos los actores pol\u00edticos del estado.<\/p>\n<p class=\"x_MsoNormal\">Como diputado local y presidente de la Comisi\u00f3n de Programaci\u00f3n, Presupuesto y Cuenta P\u00fablica en la LXXIII Legislatura local, indic\u00f3 que una de sus prioridades es impulsar acciones conjuntas que den cause a las pol\u00edticas que atiendan las necesidades m\u00e1s sentidas de las y los michoacanos, por lo que destinar mayores recursos a trav\u00e9s del presupuesto a los sectores claves para el desarrollo de la entidad es una prioridad.<\/p>\n<p class=\"x_MsoNormal\">Ra\u00fal Prieto subray\u00f3 la importancia de informar a los ciudadanos sobre la labor legislativa, ya que es a trav\u00e9s de la transparencia y la rendici\u00f3n de cuentas, como se abona a recobrar la confianza de los ciudadanos, quienes son los que pueden evaluar el desempe\u00f1o de sus representantes.<\/p>\n<p class=\"x_MsoNormal\">Como legislador a\u00f1adi\u00f3 \u201cadem\u00e1s de mis tareas legislativas he atendido los temas de gesti\u00f3n que me son requeridos, de forma que he puesto en marcha campa\u00f1as de salud visual, apoyos a la educaci\u00f3n, becas, entrega de sillas de ruedas a adultos mayores y personas en condici\u00f3n vulnerable, apoyos a campesinos y gente en pobreza con fertilizante, cemento, despensas y material de construcci\u00f3n, porque estoy claro que la labor legislativa no debe ser ajena a las demandas de la gente\u201d.<\/p>\n","protected":false},"excerpt":{"rendered":"<p>Tarimbaro; Michoac\u00e1n, 30 de agosto de 2017.- Para informar de las actividades realizadas durante este segundo a\u00f1o de trabajo legislativo y consciente de que la rendici\u00f3n de cuentas y la transparencia son el \u00fanico camino para que\u00a0 la labor como representante popular pueda ser evaluada y fortalecida, el diputado Ra\u00fal Prieto G\u00f3mez presentar\u00e1 su informe [&hellip;]<\/p>\n","protected":false},"author":2,"featured_media":43245,"comment_status":"closed","ping_status":"closed","sticky":false,"template":"","format":"standard","meta":{"footnotes":""},"categories":[6,14],"tags":[],"class_list":["post-43244","post","type-post","status-publish","format-standard","has-post-thumbnail","hentry","category-congreso-del-estado","category-destacadas"],"_links":{"self":[{"href":"https:\/\/radiowebmx.com\/nota\/wp-json\/wp\/v2\/posts\/43244","targetHints":{"allow":["GET"]}}],"collection":[{"href":"https:\/\/radiowebmx.com\/nota\/wp-json\/wp\/v2\/posts"}],"about":[{"href":"https:\/\/radiowebmx.com\/nota\/wp-json\/wp\/v2\/types\/post"}],"author":[{"embeddable":true,"href":"https:\/\/radiowebmx.com\/nota\/wp-json\/wp\/v2\/users\/2"}],"replies":[{"embeddable":true,"href":"https:\/\/radiowebmx.com\/nota\/wp-json\/wp\/v2\/comments?post=43244"}],"version-history":[{"count":1,"href":"https:\/\/radiowebmx.com\/nota\/wp-json\/wp\/v2\/posts\/43244\/revisions"}],"predecessor-version":[{"id":43246,"href":"https:\/\/radiowebmx.com\/nota\/wp-json\/wp\/v2\/posts\/43244\/revisions\/43246"}],"wp:featuredmedia":[{"embeddable":true,"href":"https:\/\/radiowebmx.com\/nota\/wp-json\/wp\/v2\/media\/43245"}],"wp:attachment":[{"href":"https:\/\/radiowebmx.com\/nota\/wp-json\/wp\/v2\/media?parent=43244"}],"wp:term":[{"taxonomy":"category","embeddable":true,"href":"https:\/\/radiowebmx.com\/nota\/wp-json\/wp\/v2\/categories?post=43244"},{"taxonomy":"post_tag","embeddable":true,"href":"https:\/\/radiowebmx.com\/nota\/wp-json\/wp\/v2\/tags?post=43244"}],"curies":[{"name":"wp","href":"https:\/\/api.w.org\/{rel}","templated":true}]}}