{"id":43241,"date":"2017-08-30T15:50:22","date_gmt":"2017-08-30T20:50:22","guid":{"rendered":"https:\/\/radiowebmx.com\/nota\/?p=43241"},"modified":"2017-08-31T11:32:35","modified_gmt":"2017-08-31T16:32:35","slug":"juan-figueroa-presentara-informe-legislativo-este-domingo-en-nocupetaro","status":"publish","type":"post","link":"https:\/\/radiowebmx.com\/nota\/juan-figueroa-presentara-informe-legislativo-este-domingo-en-nocupetaro\/","title":{"rendered":"Juan Figueroa presentar\u00e1 informe legislativo este domingo en Nocup\u00e9taro"},"content":{"rendered":"<p class=\"x_MsoNormal\"><b>Nocup\u00e9taro; Michoac\u00e1n, 30 de agostode 2017<\/b>.-\u00a0Para dar cuentas de las actividades realizadas a lo largo de este segundo a\u00f1o en la LXXIII Legislatura local, el diputado Juan Figuera G\u00f3mez presentar\u00e1 el pr\u00f3ximo domingo, al mediod\u00eda, su informe de labores en la plaza principal de Nocup\u00e9taro.<\/p>\n<p class=\"x_MsoNormal\">Una de las prioridades para el legislador por el Distrito de Huetamo, es contribuir a fortalecer las pol\u00edticas p\u00fablicas que contribuyan al desarrollo de Michoac\u00e1n, as\u00ed tambi\u00e9n el tema de la gesti\u00f3n, por lo que a lo largo de este segundo a\u00f1o ha trabajado de la mano con la poblaci\u00f3n de su regi\u00f3n.<\/p>\n<p class=\"x_MsoNormal\">Como presidente de la Comisi\u00f3n de Pueblos Ind\u00edgenas, subray\u00f3 que una prioridad en todo momento debe ser el reconocimiento pleno para la participaci\u00f3n pol\u00edtica de las comunidades en la vida p\u00fablica; la preservaci\u00f3n y el fortalecimiento de sus formas culturales, organizativas y econ\u00f3micas; la defensa de sus derechos ante diferentes niveles e instancias de gobierno; y la gesti\u00f3n para la atenci\u00f3n de sus necesidades inmediatas.<\/p>\n<p class=\"x_MsoNormal\">Juan Figueroa reconoci\u00f3 el rezago y la marginaci\u00f3n que por a\u00f1os han padecido las comunidades ind\u00edgenas, por lo que consider\u00f3 vital que se consoliden las reformas y propuestas que se han planteado en favor de este sector, ya que es una deuda hist\u00f3rica que se tiene con ellos.<\/p>\n<p class=\"x_MsoNormal\">Tras hacer una invitaci\u00f3n a la poblaci\u00f3n a la presentaci\u00f3n del informe de actividades legislativas que se realizar\u00e1 este pr\u00f3ximo domingo, a las 12 horas del d\u00eda, en la plaza principal de Nocup\u00e9taro, el legislador se pronunci\u00f3 por seguir trabajando de la mano con la sociedad y poderes, para seguir avanzando en la consolidaci\u00f3n de un estado con desarrollo y progreso.<\/p>\n<p class=\"x_MsoNormal\">\u201cTengo la convicci\u00f3n de que la legalidad es el \u00fanico camino efectivo para la sana relaci\u00f3n social, el correcto desempe\u00f1o institucional y el buen desarrollo del Estado. Bajo esa premisa, he conducido mi actuar personal y mi desempe\u00f1o como integrante de la LXXIII Legislatura local\u201d, enfatiz\u00f3.<\/p>\n<p class=\"x_MsoNormal\">El diputado integrante del Grupo Parlamentario del PRD en el Congreso de Michoac\u00e1n, sostuvo que la revisi\u00f3n y actualizaci\u00f3n de las normas jur\u00eddicas es uno de sus principales compromisos, ya que el Estado de Derecho es la base para el desarrollo y constituye la balanza perfecta entre el ejercicio de la autoridad y el respeto total a los derechos y libertades de todas las personas.<\/p>\n<p class=\"x_MsoNormal\">\u201cLas tareas para un legislador son innumerables y por ello, he destinado mi empe\u00f1o en aquellos temas motivo de mayor preocupaci\u00f3n para las y los michoacanos, como lo es la justicia, la seguridad, la igualdad y la salvaguarda de los m\u00e1s vulnerables\u201d, finaliz\u00f3.<\/p>\n","protected":false},"excerpt":{"rendered":"<p>Nocup\u00e9taro; Michoac\u00e1n, 30 de agostode 2017.-\u00a0Para dar cuentas de las actividades realizadas a lo largo de este segundo a\u00f1o en la LXXIII Legislatura local, el diputado Juan Figuera G\u00f3mez presentar\u00e1 el pr\u00f3ximo domingo, al mediod\u00eda, su informe de labores en la plaza principal de Nocup\u00e9taro. Una de las prioridades para el legislador por el Distrito [&hellip;]<\/p>\n","protected":false},"author":2,"featured_media":43242,"comment_status":"closed","ping_status":"closed","sticky":false,"template":"","format":"standard","meta":{"footnotes":""},"categories":[6,14],"tags":[],"class_list":["post-43241","post","type-post","status-publish","format-standard","has-post-thumbnail","hentry","category-congreso-del-estado","category-destacadas"],"_links":{"self":[{"href":"https:\/\/radiowebmx.com\/nota\/wp-json\/wp\/v2\/posts\/43241","targetHints":{"allow":["GET"]}}],"collection":[{"href":"https:\/\/radiowebmx.com\/nota\/wp-json\/wp\/v2\/posts"}],"about":[{"href":"https:\/\/radiowebmx.com\/nota\/wp-json\/wp\/v2\/types\/post"}],"author":[{"embeddable":true,"href":"https:\/\/radiowebmx.com\/nota\/wp-json\/wp\/v2\/users\/2"}],"replies":[{"embeddable":true,"href":"https:\/\/radiowebmx.com\/nota\/wp-json\/wp\/v2\/comments?post=43241"}],"version-history":[{"count":1,"href":"https:\/\/radiowebmx.com\/nota\/wp-json\/wp\/v2\/posts\/43241\/revisions"}],"predecessor-version":[{"id":43243,"href":"https:\/\/radiowebmx.com\/nota\/wp-json\/wp\/v2\/posts\/43241\/revisions\/43243"}],"wp:featuredmedia":[{"embeddable":true,"href":"https:\/\/radiowebmx.com\/nota\/wp-json\/wp\/v2\/media\/43242"}],"wp:attachment":[{"href":"https:\/\/radiowebmx.com\/nota\/wp-json\/wp\/v2\/media?parent=43241"}],"wp:term":[{"taxonomy":"category","embeddable":true,"href":"https:\/\/radiowebmx.com\/nota\/wp-json\/wp\/v2\/categories?post=43241"},{"taxonomy":"post_tag","embeddable":true,"href":"https:\/\/radiowebmx.com\/nota\/wp-json\/wp\/v2\/tags?post=43241"}],"curies":[{"name":"wp","href":"https:\/\/api.w.org\/{rel}","templated":true}]}}