{"id":43237,"date":"2017-08-30T15:45:58","date_gmt":"2017-08-30T20:45:58","guid":{"rendered":"https:\/\/radiowebmx.com\/nota\/?p=43237"},"modified":"2017-08-31T10:59:24","modified_gmt":"2017-08-31T15:59:24","slug":"reconoce-conorevi-acciones-del-gobierno-de-michoacan-en-materia-de-vivienda","status":"publish","type":"post","link":"https:\/\/radiowebmx.com\/nota\/reconoce-conorevi-acciones-del-gobierno-de-michoacan-en-materia-de-vivienda\/","title":{"rendered":"Reconoce Conorevi acciones del Gobierno de Michoac\u00e1n en materia de vivienda"},"content":{"rendered":"<p><a href=\"https:\/\/radiowebmx.com\/nota\/wp-content\/uploads\/2017\/08\/347ef69c-8eca-426c-a274-d1de9c0774b0.jpeg\"><img loading=\"lazy\" decoding=\"async\" class=\"alignnone  wp-image-43238\" src=\"https:\/\/radiowebmx.com\/nota\/wp-content\/uploads\/2017\/08\/347ef69c-8eca-426c-a274-d1de9c0774b0-595x308.jpeg\" alt=\"\" width=\"400\" height=\"207\" srcset=\"https:\/\/radiowebmx.com\/nota\/wp-content\/uploads\/2017\/08\/347ef69c-8eca-426c-a274-d1de9c0774b0-595x308.jpeg 595w, https:\/\/radiowebmx.com\/nota\/wp-content\/uploads\/2017\/08\/347ef69c-8eca-426c-a274-d1de9c0774b0-768x398.jpeg 768w, https:\/\/radiowebmx.com\/nota\/wp-content\/uploads\/2017\/08\/347ef69c-8eca-426c-a274-d1de9c0774b0-960x497.jpeg 960w, https:\/\/radiowebmx.com\/nota\/wp-content\/uploads\/2017\/08\/347ef69c-8eca-426c-a274-d1de9c0774b0.jpeg 1280w\" sizes=\"auto, (max-width: 400px) 100vw, 400px\" \/><\/a><\/p>\n<p>&nbsp;<\/p>\n<ul>\n<li><strong>La directora general del IVEM, Mar\u00eda Yesmin S\u00e1nchez Huerta, asisti\u00f3 a la Tercera Reuni\u00f3n Ordinaria Consejo Nacional de Organismos Estatales de Vivienda, Zona Baj\u00edo.<\/strong><\/li>\n<\/ul>\n<p>&nbsp;<\/p>\n<p><strong>Morelia, Michoac\u00e1n, a 30 de agosto de 2017.-<\/strong>\u00a0La directora general del Instituto de Vivienda del Estado de Michoac\u00e1n (IVEM), Mar\u00eda Yesmin S\u00e1nchez Huerta, asisti\u00f3 a la Tercera Reuni\u00f3n Ordinaria Consejo Nacional de Organismos Estatales de Vivienda (Conorevi), Zona Baj\u00edo Quer\u00e9taro 2017, conformada por los estados de Aguascalientes, Zacatecas, San Luis Potos\u00ed, Quer\u00e9taro y Michoac\u00e1n.<\/p>\n<p>En este marco, la funcionaria michoacana se\u00f1al\u00f3 que en la entidad, los retos en materia de vivienda han sido asumidos como una oportunidad para sacar adelante varios proyectos, lo que ha permitido atender la demanda de la poblaci\u00f3n.<\/p>\n<p>Por su parte, el presidente nacional de la Conorevi, Octavio Gonz\u00e1lez Padilla, reconoci\u00f3 el trabajo del Gobierno de Michoac\u00e1n, que encabeza Silvano Aureoles Conejo, por la labor realizada para crear y mejorar programas de vivienda.<\/p>\n<p>En este tenor, resalt\u00f3 que el IVEM ha logrado grandes avances en la materia, destacando entre los dem\u00e1s estados de la regi\u00f3n.<\/p>\n<p>Al encuentro asistieron el director general del Instituto de la Vivienda del Estado de Quer\u00e9taro y coordinador de la Zona Baj\u00edo, Germ\u00e1n Borja Garc\u00eda; as\u00ed como los titulares de los organismos de vivienda de Guanajuato, Adri\u00e1n Pe\u00f1a Miranda; San Luis Potos\u00ed, H\u00e9ctor Mauricio Ram\u00edrez Konoshi; y Aguascalientes, Arturo Barros \u00c1vila.<\/p>\n","protected":false},"excerpt":{"rendered":"<p>&nbsp; La directora general del IVEM, Mar\u00eda Yesmin S\u00e1nchez Huerta, asisti\u00f3 a la Tercera Reuni\u00f3n Ordinaria Consejo Nacional de Organismos Estatales de Vivienda, Zona Baj\u00edo. &nbsp; Morelia, Michoac\u00e1n, a 30 de agosto de 2017.-\u00a0La directora general del Instituto de Vivienda del Estado de Michoac\u00e1n (IVEM), Mar\u00eda Yesmin S\u00e1nchez Huerta, asisti\u00f3 a la Tercera Reuni\u00f3n Ordinaria [&hellip;]<\/p>\n","protected":false},"author":2,"featured_media":43239,"comment_status":"closed","ping_status":"closed","sticky":false,"template":"","format":"standard","meta":{"footnotes":""},"categories":[14,3,60],"tags":[],"class_list":["post-43237","post","type-post","status-publish","format-standard","has-post-thumbnail","hentry","category-destacadas","category-gobierno-del-estado-de-michoacan","category-michoacan"],"_links":{"self":[{"href":"https:\/\/radiowebmx.com\/nota\/wp-json\/wp\/v2\/posts\/43237","targetHints":{"allow":["GET"]}}],"collection":[{"href":"https:\/\/radiowebmx.com\/nota\/wp-json\/wp\/v2\/posts"}],"about":[{"href":"https:\/\/radiowebmx.com\/nota\/wp-json\/wp\/v2\/types\/post"}],"author":[{"embeddable":true,"href":"https:\/\/radiowebmx.com\/nota\/wp-json\/wp\/v2\/users\/2"}],"replies":[{"embeddable":true,"href":"https:\/\/radiowebmx.com\/nota\/wp-json\/wp\/v2\/comments?post=43237"}],"version-history":[{"count":1,"href":"https:\/\/radiowebmx.com\/nota\/wp-json\/wp\/v2\/posts\/43237\/revisions"}],"predecessor-version":[{"id":43240,"href":"https:\/\/radiowebmx.com\/nota\/wp-json\/wp\/v2\/posts\/43237\/revisions\/43240"}],"wp:featuredmedia":[{"embeddable":true,"href":"https:\/\/radiowebmx.com\/nota\/wp-json\/wp\/v2\/media\/43239"}],"wp:attachment":[{"href":"https:\/\/radiowebmx.com\/nota\/wp-json\/wp\/v2\/media?parent=43237"}],"wp:term":[{"taxonomy":"category","embeddable":true,"href":"https:\/\/radiowebmx.com\/nota\/wp-json\/wp\/v2\/categories?post=43237"},{"taxonomy":"post_tag","embeddable":true,"href":"https:\/\/radiowebmx.com\/nota\/wp-json\/wp\/v2\/tags?post=43237"}],"curies":[{"name":"wp","href":"https:\/\/api.w.org\/{rel}","templated":true}]}}