{"id":43232,"date":"2017-08-30T15:47:07","date_gmt":"2017-08-30T20:47:07","guid":{"rendered":"https:\/\/radiowebmx.com\/nota\/?p=43232"},"modified":"2017-08-31T10:56:50","modified_gmt":"2017-08-31T15:56:50","slug":"inicia-estudios-de-posgrado-tercera-generacion-de-indigenas-becarias","status":"publish","type":"post","link":"https:\/\/radiowebmx.com\/nota\/inicia-estudios-de-posgrado-tercera-generacion-de-indigenas-becarias\/","title":{"rendered":"Inicia estudios de posgrado tercera generaci\u00f3n de ind\u00edgenas becarias"},"content":{"rendered":"<p><a href=\"https:\/\/radiowebmx.com\/nota\/wp-content\/uploads\/2017\/08\/baf39203-b2b9-4c38-9e56-bacd2ea7064d.jpg\"><img loading=\"lazy\" decoding=\"async\" class=\"alignnone  wp-image-43233\" src=\"https:\/\/radiowebmx.com\/nota\/wp-content\/uploads\/2017\/08\/baf39203-b2b9-4c38-9e56-bacd2ea7064d-595x374.jpg\" alt=\"\" width=\"400\" height=\"252\" srcset=\"https:\/\/radiowebmx.com\/nota\/wp-content\/uploads\/2017\/08\/baf39203-b2b9-4c38-9e56-bacd2ea7064d-595x374.jpg 595w, https:\/\/radiowebmx.com\/nota\/wp-content\/uploads\/2017\/08\/baf39203-b2b9-4c38-9e56-bacd2ea7064d-768x483.jpg 768w, https:\/\/radiowebmx.com\/nota\/wp-content\/uploads\/2017\/08\/baf39203-b2b9-4c38-9e56-bacd2ea7064d-960x604.jpg 960w\" sizes=\"auto, (max-width: 400px) 100vw, 400px\" \/><\/a><\/p>\n<p>&nbsp;<\/p>\n<p><strong>P\u00e1tzcuaro, Michoac\u00e1n, a 30 de agosto de 2017.-<\/strong>\u00a0En lo que constituye la tercera generaci\u00f3n de becarias ind\u00edgenas de Michoac\u00e1n, diez j\u00f3venes procedentes de diversas comunidades de la entidad iniciaron este d\u00eda su agenda de cursos pertenecientes al\u00a0Programa de Incorporaci\u00f3n de Mujeres Ind\u00edgenas a Posgrados para el Fortalecimiento Regional 2017.<\/p>\n<p>El titular de la Secretar\u00eda de Innovaci\u00f3n, Ciencia y Desarrollo Tecnol\u00f3gico (SICDET), Jos\u00e9 Luis Monta\u00f1ez Espinosa, destac\u00f3 que el Programa de Incorporaci\u00f3n de Mujeres Ind\u00edgenas es un esquema de becas del Consejo Nacional de Ciencia y Tecnolog\u00eda (Conacyt), gestionado a trav\u00e9s de la SICDET, que atiende al mismo tiempo tres renglones que son prioritarios para el estado: la educaci\u00f3n, las mujeres y los grupos ind\u00edgenas.<\/p>\n<p>Detall\u00f3 que\u00a0la SICDET propuso un proyecto para el fortalecimiento acad\u00e9mico para que las 10 becarias se preparen para ser admitidas en un posgrado perteneciente al Padr\u00f3n Nacional de Posgrados de Calidad; siete de ellas\u00a0lo har\u00e1n en el Instituto Tecnol\u00f3gico Superior de P\u00e1tzcuaro (ITSPA) y las otras tres en la Universidad Michoacana de San Nicol\u00e1s de Hidalgo.<\/p>\n<p>Esta es la tercera generaci\u00f3n de becarias ind\u00edgenas de Michoac\u00e1n: la primera particip\u00f3 en 2013-2014, siendo el ITSPA y la Universidad de Toronto las instituciones sede encargadas del fortalecimiento acad\u00e9mico. La segunda generaci\u00f3n de becarias particip\u00f3 en 2016. Las instituciones participantes fueron la SICDET, la Universidad Tecnol\u00f3gica de Morelia y la Universidad de Toronto.<\/p>\n<p>&nbsp;<\/p>\n<p><a href=\"https:\/\/radiowebmx.com\/nota\/wp-content\/uploads\/2017\/08\/30b74ff0-9e2e-4a8f-873b-286be3e4dc74.jpg\"><img loading=\"lazy\" decoding=\"async\" class=\"alignnone  wp-image-43235\" src=\"https:\/\/radiowebmx.com\/nota\/wp-content\/uploads\/2017\/08\/30b74ff0-9e2e-4a8f-873b-286be3e4dc74-595x335.jpg\" alt=\"\" width=\"400\" height=\"225\" srcset=\"https:\/\/radiowebmx.com\/nota\/wp-content\/uploads\/2017\/08\/30b74ff0-9e2e-4a8f-873b-286be3e4dc74-595x335.jpg 595w, https:\/\/radiowebmx.com\/nota\/wp-content\/uploads\/2017\/08\/30b74ff0-9e2e-4a8f-873b-286be3e4dc74-768x432.jpg 768w, https:\/\/radiowebmx.com\/nota\/wp-content\/uploads\/2017\/08\/30b74ff0-9e2e-4a8f-873b-286be3e4dc74-960x540.jpg 960w\" sizes=\"auto, (max-width: 400px) 100vw, 400px\" \/><\/a><\/p>\n<p>&nbsp;<\/p>\n<p>El objetivo general de este proyecto de la SICDET y el Conacyt es reforzar las habilidades acad\u00e9micas de mujeres ind\u00edgenas para su incorporaci\u00f3n a programas de posgrado, con objeto de contribuir a reducir las desventajas originadas por la marginaci\u00f3n, la desigualdad educativa y la discriminaci\u00f3n, favoreciendo el ejercicio de su derecho a la educaci\u00f3n.<\/p>\n<p>En t\u00e9rminos generales, el proyecto consta de tres etapas:<\/p>\n<p>En la primera, Las becarias son capacitadas por las instituciones acad\u00e9micas de la entidad en materias relevantes para incrementar sus probabilidades de ingreso en posgrados del PNPC.<\/p>\n<p>En la segunda, las becarias acuden a una estancia de un mes en la Universidad de Toronto, en Canad\u00e1, con el fin de mejorar sus habilidades en el idioma ingl\u00e9s. Son financiados sus gastos de traslado y se ofrece un apoyo de manutenci\u00f3n para la estancia, as\u00ed como gastos de pasaporte y permisos.<\/p>\n<p>En la tercera etapa, una vez que las becarias son admitidas en los posgrados de su elecci\u00f3n, reciben apoyos para cambio de residencia, gastos de admisi\u00f3n, gastos de inscripci\u00f3n y primera colegiatura.<\/p>\n","protected":false},"excerpt":{"rendered":"<p>&nbsp; P\u00e1tzcuaro, Michoac\u00e1n, a 30 de agosto de 2017.-\u00a0En lo que constituye la tercera generaci\u00f3n de becarias ind\u00edgenas de Michoac\u00e1n, diez j\u00f3venes procedentes de diversas comunidades de la entidad iniciaron este d\u00eda su agenda de cursos pertenecientes al\u00a0Programa de Incorporaci\u00f3n de Mujeres Ind\u00edgenas a Posgrados para el Fortalecimiento Regional 2017. El titular de la Secretar\u00eda [&hellip;]<\/p>\n","protected":false},"author":2,"featured_media":43234,"comment_status":"closed","ping_status":"closed","sticky":false,"template":"","format":"standard","meta":{"footnotes":""},"categories":[14,3,60],"tags":[],"class_list":["post-43232","post","type-post","status-publish","format-standard","has-post-thumbnail","hentry","category-destacadas","category-gobierno-del-estado-de-michoacan","category-michoacan"],"_links":{"self":[{"href":"https:\/\/radiowebmx.com\/nota\/wp-json\/wp\/v2\/posts\/43232","targetHints":{"allow":["GET"]}}],"collection":[{"href":"https:\/\/radiowebmx.com\/nota\/wp-json\/wp\/v2\/posts"}],"about":[{"href":"https:\/\/radiowebmx.com\/nota\/wp-json\/wp\/v2\/types\/post"}],"author":[{"embeddable":true,"href":"https:\/\/radiowebmx.com\/nota\/wp-json\/wp\/v2\/users\/2"}],"replies":[{"embeddable":true,"href":"https:\/\/radiowebmx.com\/nota\/wp-json\/wp\/v2\/comments?post=43232"}],"version-history":[{"count":1,"href":"https:\/\/radiowebmx.com\/nota\/wp-json\/wp\/v2\/posts\/43232\/revisions"}],"predecessor-version":[{"id":43236,"href":"https:\/\/radiowebmx.com\/nota\/wp-json\/wp\/v2\/posts\/43232\/revisions\/43236"}],"wp:featuredmedia":[{"embeddable":true,"href":"https:\/\/radiowebmx.com\/nota\/wp-json\/wp\/v2\/media\/43234"}],"wp:attachment":[{"href":"https:\/\/radiowebmx.com\/nota\/wp-json\/wp\/v2\/media?parent=43232"}],"wp:term":[{"taxonomy":"category","embeddable":true,"href":"https:\/\/radiowebmx.com\/nota\/wp-json\/wp\/v2\/categories?post=43232"},{"taxonomy":"post_tag","embeddable":true,"href":"https:\/\/radiowebmx.com\/nota\/wp-json\/wp\/v2\/tags?post=43232"}],"curies":[{"name":"wp","href":"https:\/\/api.w.org\/{rel}","templated":true}]}}