{"id":43225,"date":"2017-08-30T16:23:36","date_gmt":"2017-08-30T21:23:36","guid":{"rendered":"https:\/\/radiowebmx.com\/nota\/?p=43225"},"modified":"2017-08-31T10:45:55","modified_gmt":"2017-08-31T15:45:55","slug":"ayuntamiento-de-morelia-da-seguimiento-a-necesidades-del-campo","status":"publish","type":"post","link":"https:\/\/radiowebmx.com\/nota\/ayuntamiento-de-morelia-da-seguimiento-a-necesidades-del-campo\/","title":{"rendered":"Ayuntamiento de Morelia da seguimiento a necesidades del campo"},"content":{"rendered":"<ul>\n<li><strong>El Secretario, Jes\u00fas \u00c1valos, atendi\u00f3 a representantes de diversas organizaciones campesinas.<br \/>\n<\/strong><\/li>\n<\/ul>\n<p>El Secretario del Ayuntamiento, Jes\u00fas \u00c1valos Plata se reuni\u00f3 este mi\u00e9rcoles con integrantes de la Uni\u00f3n Campesina Democr\u00e1tica (UCD) con el fin de revisar los avances en sus necesidades y reafirmar el compromiso de la actual Administraci\u00f3n con el desarrollo del campo, como una alternativa que permita fomentar un crecimiento econ\u00f3mico integral en Morelia.<\/p>\n<p>El Encargado de la Pol\u00edtica Interna del Municipio acompa\u00f1ado por los integrantes de la UCD Margarito Fierros y Dionisio Lemus, mencion\u00f3 que las gestiones son canalizadas hacia las distintas dependencias municipales para tener una pronta atenci\u00f3n de las necesidades de la ciudadan\u00eda, sobre todo cuando se trata del \u00e1rea rural.<\/p>\n<p>\u00c1valos Plata record\u00f3 que cada dependencia municipal tiene instrucciones precisas del Alcalde, Alfonso Mart\u00ednez Alc\u00e1zar para dar seguimiento a los temas referentes y solicitudes expresadas por las organizaciones campesinas en beneficio de \u00e9ste sector poblacional y cuyos resultados han permitido atender zonas que durante mucho tiempo se encontraban ignoradas.<\/p>\n<p>El Secretario del Ayuntamiento, asever\u00f3 que el trabajo continuo es una de las caracter\u00edsticas principales de esta Administraci\u00f3n Municipal en aras de solucionar las necesidades de la poblaci\u00f3n, al permitir dar un seguimiento puntual a cada una de ellas en un marco de di\u00e1logo franco y respetuoso.<\/p>\n<p>Algunas de las solicitudes presentadas y que se atender\u00e1n a la brevedad posible mediante las Secretar\u00edas, Direcciones y Jefaturas de Departamento, ser\u00e1n la cobertura a siembras por da\u00f1os climatol\u00f3gicos, apoyos con despensas, programas sociales y la revisi\u00f3n de los programas de vivienda, as\u00ed como un proyecto integral para la vialidad que conecta con diversas instituciones educativas en la zona Norte de la ciudad.<\/p>\n<p>&nbsp;<\/p>\n","protected":false},"excerpt":{"rendered":"<p>El Secretario, Jes\u00fas \u00c1valos, atendi\u00f3 a representantes de diversas organizaciones campesinas. El Secretario del Ayuntamiento, Jes\u00fas \u00c1valos Plata se reuni\u00f3 este mi\u00e9rcoles con integrantes de la Uni\u00f3n Campesina Democr\u00e1tica (UCD) con el fin de revisar los avances en sus necesidades y reafirmar el compromiso de la actual Administraci\u00f3n con el desarrollo del campo, como una [&hellip;]<\/p>\n","protected":false},"author":2,"featured_media":43226,"comment_status":"closed","ping_status":"closed","sticky":false,"template":"","format":"standard","meta":{"footnotes":""},"categories":[14,60,9],"tags":[],"class_list":["post-43225","post","type-post","status-publish","format-standard","has-post-thumbnail","hentry","category-destacadas","category-michoacan","category-morelia"],"_links":{"self":[{"href":"https:\/\/radiowebmx.com\/nota\/wp-json\/wp\/v2\/posts\/43225","targetHints":{"allow":["GET"]}}],"collection":[{"href":"https:\/\/radiowebmx.com\/nota\/wp-json\/wp\/v2\/posts"}],"about":[{"href":"https:\/\/radiowebmx.com\/nota\/wp-json\/wp\/v2\/types\/post"}],"author":[{"embeddable":true,"href":"https:\/\/radiowebmx.com\/nota\/wp-json\/wp\/v2\/users\/2"}],"replies":[{"embeddable":true,"href":"https:\/\/radiowebmx.com\/nota\/wp-json\/wp\/v2\/comments?post=43225"}],"version-history":[{"count":1,"href":"https:\/\/radiowebmx.com\/nota\/wp-json\/wp\/v2\/posts\/43225\/revisions"}],"predecessor-version":[{"id":43227,"href":"https:\/\/radiowebmx.com\/nota\/wp-json\/wp\/v2\/posts\/43225\/revisions\/43227"}],"wp:featuredmedia":[{"embeddable":true,"href":"https:\/\/radiowebmx.com\/nota\/wp-json\/wp\/v2\/media\/43226"}],"wp:attachment":[{"href":"https:\/\/radiowebmx.com\/nota\/wp-json\/wp\/v2\/media?parent=43225"}],"wp:term":[{"taxonomy":"category","embeddable":true,"href":"https:\/\/radiowebmx.com\/nota\/wp-json\/wp\/v2\/categories?post=43225"},{"taxonomy":"post_tag","embeddable":true,"href":"https:\/\/radiowebmx.com\/nota\/wp-json\/wp\/v2\/tags?post=43225"}],"curies":[{"name":"wp","href":"https:\/\/api.w.org\/{rel}","templated":true}]}}