{"id":43220,"date":"2017-08-30T17:32:13","date_gmt":"2017-08-30T22:32:13","guid":{"rendered":"https:\/\/radiowebmx.com\/nota\/?p=43220"},"modified":"2017-08-31T10:44:23","modified_gmt":"2017-08-31T15:44:23","slug":"refrenda-silvano-aureoles-compromiso-de-garantizar-seguridad-de-las-y-los-michoacanos","status":"publish","type":"post","link":"https:\/\/radiowebmx.com\/nota\/refrenda-silvano-aureoles-compromiso-de-garantizar-seguridad-de-las-y-los-michoacanos\/","title":{"rendered":"Refrenda Silvano Aureoles compromiso de garantizar seguridad de las y los michoacanos"},"content":{"rendered":"<p><a href=\"https:\/\/radiowebmx.com\/nota\/wp-content\/uploads\/2017\/08\/f07d358d-43ec-4ef5-8883-fbcb17a42ab1.jpeg\"><img loading=\"lazy\" decoding=\"async\" class=\"alignnone  wp-image-43222\" src=\"https:\/\/radiowebmx.com\/nota\/wp-content\/uploads\/2017\/08\/f07d358d-43ec-4ef5-8883-fbcb17a42ab1-595x397.jpeg\" alt=\"\" width=\"402\" height=\"268\" srcset=\"https:\/\/radiowebmx.com\/nota\/wp-content\/uploads\/2017\/08\/f07d358d-43ec-4ef5-8883-fbcb17a42ab1-595x397.jpeg 595w, https:\/\/radiowebmx.com\/nota\/wp-content\/uploads\/2017\/08\/f07d358d-43ec-4ef5-8883-fbcb17a42ab1-768x512.jpeg 768w, https:\/\/radiowebmx.com\/nota\/wp-content\/uploads\/2017\/08\/f07d358d-43ec-4ef5-8883-fbcb17a42ab1-960x640.jpeg 960w, https:\/\/radiowebmx.com\/nota\/wp-content\/uploads\/2017\/08\/f07d358d-43ec-4ef5-8883-fbcb17a42ab1-272x182.jpeg 272w, https:\/\/radiowebmx.com\/nota\/wp-content\/uploads\/2017\/08\/f07d358d-43ec-4ef5-8883-fbcb17a42ab1.jpeg 1280w\" sizes=\"auto, (max-width: 402px) 100vw, 402px\" \/><\/a><\/p>\n<p>&nbsp;<\/p>\n<ul>\n<li><strong>El Gobernador asiste a la 42 Sesi\u00f3n del Consejo Nacional de Seguridad P\u00fablica, que fue presidida por el Presidente de M\u00e9xico, Enrique Pe\u00f1a Nieto.<\/strong><\/li>\n<\/ul>\n<p><strong>Ciudad de M\u00e9xico, a 30 de agosto de 2017.-<\/strong>\u00a0Para generar condiciones de gobernabilidad, as\u00ed como de estabilidad para las y los ciudadanos, las acciones que los tres \u00f3rdenes de Gobierno implementen deben ser bajo un solo frente, destac\u00f3 el Gobernador Constitucional Silvano Aureoles Conejo.<\/p>\n<p>Lo anterior, qued\u00f3 de manifiesto en el marco de la 42 Sesi\u00f3n del Consejo Nacional de Seguridad P\u00fablica presidida por el Presidente de M\u00e9xico, Enrique Pe\u00f1a Nieto.<\/p>\n<p>En las instalaciones de Palacio Nacional, quienes integran este Consejo, pusieron sobre la mesa los retos y acuerdos para hacer frente a la violencia y la delincuencia.<\/p>\n<p>Sobre el tema, el Gobernador Aureoles Conejo record\u00f3 que en Michoac\u00e1n se construye el Centro Estatal de Comando, Comunicaciones, C\u00f3mputo, Control, Coordinaci\u00f3n e Inteligencia (C5i), que se proyecta como el m\u00e1s grande y de los m\u00e1s equipados en Am\u00e9rica Latina.<\/p>\n<p>Este centro contar\u00e1 con tecnolog\u00eda de punta y un moderno sistema de vigilancia a trav\u00e9s de fibra \u00f3ptica para mejorar los sistemas de monitoreo en el estado, elevar la capacidad de reacci\u00f3n y la precisi\u00f3n de las corporaciones oficiales.<\/p>\n<p>&nbsp;<\/p>\n<p><a href=\"https:\/\/radiowebmx.com\/nota\/wp-content\/uploads\/2017\/08\/329231d6-aa76-4a2c-923e-4b07180aca9e.jpeg\"><img loading=\"lazy\" decoding=\"async\" class=\"alignnone  wp-image-43223\" src=\"https:\/\/radiowebmx.com\/nota\/wp-content\/uploads\/2017\/08\/329231d6-aa76-4a2c-923e-4b07180aca9e-595x341.jpeg\" alt=\"\" width=\"400\" height=\"229\" srcset=\"https:\/\/radiowebmx.com\/nota\/wp-content\/uploads\/2017\/08\/329231d6-aa76-4a2c-923e-4b07180aca9e-595x341.jpeg 595w, https:\/\/radiowebmx.com\/nota\/wp-content\/uploads\/2017\/08\/329231d6-aa76-4a2c-923e-4b07180aca9e-768x440.jpeg 768w, https:\/\/radiowebmx.com\/nota\/wp-content\/uploads\/2017\/08\/329231d6-aa76-4a2c-923e-4b07180aca9e-960x551.jpeg 960w, https:\/\/radiowebmx.com\/nota\/wp-content\/uploads\/2017\/08\/329231d6-aa76-4a2c-923e-4b07180aca9e.jpeg 1280w\" sizes=\"auto, (max-width: 400px) 100vw, 400px\" \/><\/a><\/p>\n<p>Adicional a \u00e9ste, que se edifica en la capital michoacana, se contar\u00e1 con 11 Centros de Operaciones Regionales con la intenci\u00f3n de ampliar la cobertura operativa y hacer m\u00e1s efectiva y eficaz la funci\u00f3n policial, de los cuales est\u00e1n pr\u00f3ximos a inaugurarse los edificados en Huetamo, Apatzing\u00e1n, Coalcom\u00e1n, Zit\u00e1cuaro y Jiquilpan.<\/p>\n<p>Por otro lado, en esta sesi\u00f3n se dio a conocer que durante este sexenio se han destinado 70 mil millones de pesos en apoyos a estados y municipios, adem\u00e1s de 6 mil 500 millones de pesos para la construcci\u00f3n de los centros regionales de fusi\u00f3n de inteligencia en las entidades del pa\u00eds.<\/p>\n<p>Entre las propuestas expuestas por la Conferencia Nacional de Gobernadores (Conago), destacan perfeccionar el Sistema Penal acusatorio; la legislaci\u00f3n para endurecer la aportaci\u00f3n de armas de fuego; no escatimar esfuerzos para revisar el debido funcionamiento del protocolo de evaluaci\u00f3n de riesgo para garantizar los mecanismos de protecci\u00f3n a periodistas y defensores de derechos humanos; as\u00ed como que las tareas de prevenci\u00f3n del delito sean reforzadas y favorecidas con un mayor incremento en el pr\u00f3ximo Presupuesto de Egresos.<\/p>\n<p>A esta reuni\u00f3n acudieron, entre otros, el presidente de la Mesa Directiva de la C\u00e1mara de Senadores, Pablo Escudero Morales; el ministro de la Suprema Corte de Justicia de la Naci\u00f3n, Arturo Zald\u00edvar Lelo de Larrea; el secretario de la Defensa Nacional, general Salvador Cienfuegos Zepeda; el secretario de Marina, almirante Vidal Francisco Sober\u00f3n Sanz; el procurador general de la Rep\u00fablica, Ra\u00fal Cervantes Andrade.<\/p>\n<p>Adem\u00e1s del presidente de la CNDH, Luis Ra\u00fal Gonz\u00e1lez P\u00e9rez; el comisionado nacional de seguridad, Renato Sales Heredia; el secretario ejecutivo de Seguridad P\u00fablica, \u00c1lvaro Vizca\u00edno Zamora, as\u00ed como los gobernadores de los estados de Baja California, Chiapas, Colima, Hidalgo, Durango, Guerrero, Nuevo Le\u00f3n, Quintana Roo, Sonora, Tabasco, Yucat\u00e1n y Zacatecas.<\/p>\n","protected":false},"excerpt":{"rendered":"<p>&nbsp; El Gobernador asiste a la 42 Sesi\u00f3n del Consejo Nacional de Seguridad P\u00fablica, que fue presidida por el Presidente de M\u00e9xico, Enrique Pe\u00f1a Nieto. Ciudad de M\u00e9xico, a 30 de agosto de 2017.-\u00a0Para generar condiciones de gobernabilidad, as\u00ed como de estabilidad para las y los ciudadanos, las acciones que los tres \u00f3rdenes de Gobierno [&hellip;]<\/p>\n","protected":false},"author":2,"featured_media":43221,"comment_status":"closed","ping_status":"closed","sticky":false,"template":"","format":"standard","meta":{"footnotes":""},"categories":[14,3,60],"tags":[],"class_list":["post-43220","post","type-post","status-publish","format-standard","has-post-thumbnail","hentry","category-destacadas","category-gobierno-del-estado-de-michoacan","category-michoacan"],"_links":{"self":[{"href":"https:\/\/radiowebmx.com\/nota\/wp-json\/wp\/v2\/posts\/43220","targetHints":{"allow":["GET"]}}],"collection":[{"href":"https:\/\/radiowebmx.com\/nota\/wp-json\/wp\/v2\/posts"}],"about":[{"href":"https:\/\/radiowebmx.com\/nota\/wp-json\/wp\/v2\/types\/post"}],"author":[{"embeddable":true,"href":"https:\/\/radiowebmx.com\/nota\/wp-json\/wp\/v2\/users\/2"}],"replies":[{"embeddable":true,"href":"https:\/\/radiowebmx.com\/nota\/wp-json\/wp\/v2\/comments?post=43220"}],"version-history":[{"count":1,"href":"https:\/\/radiowebmx.com\/nota\/wp-json\/wp\/v2\/posts\/43220\/revisions"}],"predecessor-version":[{"id":43224,"href":"https:\/\/radiowebmx.com\/nota\/wp-json\/wp\/v2\/posts\/43220\/revisions\/43224"}],"wp:featuredmedia":[{"embeddable":true,"href":"https:\/\/radiowebmx.com\/nota\/wp-json\/wp\/v2\/media\/43221"}],"wp:attachment":[{"href":"https:\/\/radiowebmx.com\/nota\/wp-json\/wp\/v2\/media?parent=43220"}],"wp:term":[{"taxonomy":"category","embeddable":true,"href":"https:\/\/radiowebmx.com\/nota\/wp-json\/wp\/v2\/categories?post=43220"},{"taxonomy":"post_tag","embeddable":true,"href":"https:\/\/radiowebmx.com\/nota\/wp-json\/wp\/v2\/tags?post=43220"}],"curies":[{"name":"wp","href":"https:\/\/api.w.org\/{rel}","templated":true}]}}