{"id":43191,"date":"2017-08-30T15:22:14","date_gmt":"2017-08-30T20:22:14","guid":{"rendered":"https:\/\/radiowebmx.com\/nota\/?p=43191"},"modified":"2017-08-30T15:22:14","modified_gmt":"2017-08-30T20:22:14","slug":"concluye-con-exito-taller-de-danza-japonesa-en-el-cedram","status":"publish","type":"post","link":"https:\/\/radiowebmx.com\/nota\/concluye-con-exito-taller-de-danza-japonesa-en-el-cedram\/","title":{"rendered":"Concluye con \u00e9xito taller de danza japonesa en el Cedram"},"content":{"rendered":"<p><a href=\"https:\/\/radiowebmx.com\/nota\/wp-content\/uploads\/2017\/08\/29533f92-5100-4ecb-9cef-d0031291f7c8.jpeg\"><img loading=\"lazy\" decoding=\"async\" class=\"alignnone  wp-image-43193\" src=\"https:\/\/radiowebmx.com\/nota\/wp-content\/uploads\/2017\/08\/29533f92-5100-4ecb-9cef-d0031291f7c8-595x446.jpeg\" alt=\"\" width=\"399\" height=\"300\" srcset=\"https:\/\/radiowebmx.com\/nota\/wp-content\/uploads\/2017\/08\/29533f92-5100-4ecb-9cef-d0031291f7c8-595x446.jpeg 595w, https:\/\/radiowebmx.com\/nota\/wp-content\/uploads\/2017\/08\/29533f92-5100-4ecb-9cef-d0031291f7c8-768x576.jpeg 768w, https:\/\/radiowebmx.com\/nota\/wp-content\/uploads\/2017\/08\/29533f92-5100-4ecb-9cef-d0031291f7c8.jpeg 960w\" sizes=\"auto, (max-width: 399px) 100vw, 399px\" \/><\/a><\/p>\n<p>&nbsp;<\/p>\n<p><a href=\"https:\/\/radiowebmx.com\/nota\/wp-content\/uploads\/2017\/08\/dac90078-c8b0-4a4f-98d3-31ea2c0b2bd2.jpeg\"><img loading=\"lazy\" decoding=\"async\" class=\"alignnone  wp-image-43194\" src=\"https:\/\/radiowebmx.com\/nota\/wp-content\/uploads\/2017\/08\/dac90078-c8b0-4a4f-98d3-31ea2c0b2bd2-595x446.jpeg\" alt=\"\" width=\"401\" height=\"301\" srcset=\"https:\/\/radiowebmx.com\/nota\/wp-content\/uploads\/2017\/08\/dac90078-c8b0-4a4f-98d3-31ea2c0b2bd2-595x446.jpeg 595w, https:\/\/radiowebmx.com\/nota\/wp-content\/uploads\/2017\/08\/dac90078-c8b0-4a4f-98d3-31ea2c0b2bd2-768x576.jpeg 768w, https:\/\/radiowebmx.com\/nota\/wp-content\/uploads\/2017\/08\/dac90078-c8b0-4a4f-98d3-31ea2c0b2bd2.jpeg 960w\" sizes=\"auto, (max-width: 401px) 100vw, 401px\" \/><\/a><\/p>\n<p>&nbsp;<\/p>\n<ul>\n<li><strong>La compa\u00f1\u00eda Madmoiselle Cinema tambi\u00e9n ofreci\u00f3 dos funciones gratuitas.<\/strong><\/li>\n<\/ul>\n<p><strong>Morelia, Michoac\u00e1n, a 30 de agosto de 2017.-<\/strong>\u00a0Como parte de la celebraci\u00f3n del 120 aniversario de la migraci\u00f3n japonesa a M\u00e9xico, con el fin de contribuir al desarrollo art\u00edstico de la comunidad de P\u00e1tzcuaro y fortalecer el nudo de la amistad entre ambos pa\u00edses, la compa\u00f1\u00eda japonesa Madmoiselle Cinema imparti\u00f3 en el Centro Dram\u00e1tico de Michoac\u00e1n (Cedram) un taller intensivo de danza japonesa del 22 al 25 de agosto, con la participaci\u00f3n de 15 alumnos mexicanos.<\/p>\n<p>Adem\u00e1s como parte del proyecto, y ante una asistencia de 300 personas, los d\u00edas 26 y 27 de agosto a las 18:00 horas, dicha compa\u00f1\u00eda present\u00f3 2 funciones gratuitas con gran \u00e9xito en el Teatro L\u00e1zaro C\u00e1rdenas del Cedram, espect\u00e1culo de teatro-danza titulado &#8220;El Lugar Misterioso&#8221; que cont\u00f3 con la participaci\u00f3n de los alumnos, como resultado del taller &#8220;Una flor roja, una flor blanca&#8221;.<\/p>\n<p>\u201cEl lugar misterioso\u201d es una narrativa danc\u00edstica que colecta fragmentos de la memoria sobre lo que la gente considera \u201cla casa\u201d y\/o \u201cla familia\u201d; como quiera que se entienda esta \u201cunidad\u201d m\u00e1s elemental donde se re\u00fanen las personas. Estos fragmentos de recuerdos reviven, aparecen o quedan incrustados en cada uno de nosotros.<\/p>\n<p>La palabra detonadora de esta obra \u201cEs un lugar misterioso, la casa\u201d es autor\u00eda de Marguerite Duras; la obra es un tejido con el ayer y hoy de nosotras; es b\u00fasqueda desesperada de ese sentimiento de hermandad y utop\u00eda de mujeres que sobrevivieron a la infancia en la misma casa, pero que hoy se miran padeciendo la p\u00e9rdida de ese calor original.<\/p>\n<p>&nbsp;<\/p>\n<p><a href=\"https:\/\/radiowebmx.com\/nota\/wp-content\/uploads\/2017\/08\/db27d306-e98a-444d-b721-10e70a9a1ad4.jpeg\"><img loading=\"lazy\" decoding=\"async\" class=\"alignnone  wp-image-43195\" src=\"https:\/\/radiowebmx.com\/nota\/wp-content\/uploads\/2017\/08\/db27d306-e98a-444d-b721-10e70a9a1ad4-595x335.jpeg\" alt=\"\" width=\"400\" height=\"225\" srcset=\"https:\/\/radiowebmx.com\/nota\/wp-content\/uploads\/2017\/08\/db27d306-e98a-444d-b721-10e70a9a1ad4-595x335.jpeg 595w, https:\/\/radiowebmx.com\/nota\/wp-content\/uploads\/2017\/08\/db27d306-e98a-444d-b721-10e70a9a1ad4-768x432.jpeg 768w, https:\/\/radiowebmx.com\/nota\/wp-content\/uploads\/2017\/08\/db27d306-e98a-444d-b721-10e70a9a1ad4-960x540.jpeg 960w, https:\/\/radiowebmx.com\/nota\/wp-content\/uploads\/2017\/08\/db27d306-e98a-444d-b721-10e70a9a1ad4.jpeg 1280w\" sizes=\"auto, (max-width: 400px) 100vw, 400px\" \/><\/a><\/p>\n","protected":false},"excerpt":{"rendered":"<p>&nbsp; &nbsp; La compa\u00f1\u00eda Madmoiselle Cinema tambi\u00e9n ofreci\u00f3 dos funciones gratuitas. Morelia, Michoac\u00e1n, a 30 de agosto de 2017.-\u00a0Como parte de la celebraci\u00f3n del 120 aniversario de la migraci\u00f3n japonesa a M\u00e9xico, con el fin de contribuir al desarrollo art\u00edstico de la comunidad de P\u00e1tzcuaro y fortalecer el nudo de la amistad entre ambos pa\u00edses, [&hellip;]<\/p>\n","protected":false},"author":2,"featured_media":43192,"comment_status":"closed","ping_status":"closed","sticky":false,"template":"","format":"standard","meta":{"footnotes":""},"categories":[14,3,60],"tags":[],"class_list":["post-43191","post","type-post","status-publish","format-standard","has-post-thumbnail","hentry","category-destacadas","category-gobierno-del-estado-de-michoacan","category-michoacan"],"_links":{"self":[{"href":"https:\/\/radiowebmx.com\/nota\/wp-json\/wp\/v2\/posts\/43191","targetHints":{"allow":["GET"]}}],"collection":[{"href":"https:\/\/radiowebmx.com\/nota\/wp-json\/wp\/v2\/posts"}],"about":[{"href":"https:\/\/radiowebmx.com\/nota\/wp-json\/wp\/v2\/types\/post"}],"author":[{"embeddable":true,"href":"https:\/\/radiowebmx.com\/nota\/wp-json\/wp\/v2\/users\/2"}],"replies":[{"embeddable":true,"href":"https:\/\/radiowebmx.com\/nota\/wp-json\/wp\/v2\/comments?post=43191"}],"version-history":[{"count":1,"href":"https:\/\/radiowebmx.com\/nota\/wp-json\/wp\/v2\/posts\/43191\/revisions"}],"predecessor-version":[{"id":43196,"href":"https:\/\/radiowebmx.com\/nota\/wp-json\/wp\/v2\/posts\/43191\/revisions\/43196"}],"wp:featuredmedia":[{"embeddable":true,"href":"https:\/\/radiowebmx.com\/nota\/wp-json\/wp\/v2\/media\/43192"}],"wp:attachment":[{"href":"https:\/\/radiowebmx.com\/nota\/wp-json\/wp\/v2\/media?parent=43191"}],"wp:term":[{"taxonomy":"category","embeddable":true,"href":"https:\/\/radiowebmx.com\/nota\/wp-json\/wp\/v2\/categories?post=43191"},{"taxonomy":"post_tag","embeddable":true,"href":"https:\/\/radiowebmx.com\/nota\/wp-json\/wp\/v2\/tags?post=43191"}],"curies":[{"name":"wp","href":"https:\/\/api.w.org\/{rel}","templated":true}]}}