{"id":43165,"date":"2017-08-30T13:40:17","date_gmt":"2017-08-30T18:40:17","guid":{"rendered":"https:\/\/radiowebmx.com\/nota\/?p=43165"},"modified":"2017-08-30T14:00:47","modified_gmt":"2017-08-30T19:00:47","slug":"gobierno-de-michoacan-impulsa-respeto-a-derechos-politicos-de-las-mujeres","status":"publish","type":"post","link":"https:\/\/radiowebmx.com\/nota\/gobierno-de-michoacan-impulsa-respeto-a-derechos-politicos-de-las-mujeres\/","title":{"rendered":"Gobierno de Michoac\u00e1n impulsa respeto a derechos pol\u00edticos de las mujeres"},"content":{"rendered":"<p><a href=\"https:\/\/radiowebmx.com\/nota\/wp-content\/uploads\/2017\/08\/cffeeffa-cc87-4c2d-b152-13f708f08fed.jpeg\"><img loading=\"lazy\" decoding=\"async\" class=\"alignnone  wp-image-43167\" src=\"https:\/\/radiowebmx.com\/nota\/wp-content\/uploads\/2017\/08\/cffeeffa-cc87-4c2d-b152-13f708f08fed-595x291.jpeg\" alt=\"\" width=\"401\" height=\"196\" srcset=\"https:\/\/radiowebmx.com\/nota\/wp-content\/uploads\/2017\/08\/cffeeffa-cc87-4c2d-b152-13f708f08fed-595x291.jpeg 595w, https:\/\/radiowebmx.com\/nota\/wp-content\/uploads\/2017\/08\/cffeeffa-cc87-4c2d-b152-13f708f08fed-768x376.jpeg 768w, https:\/\/radiowebmx.com\/nota\/wp-content\/uploads\/2017\/08\/cffeeffa-cc87-4c2d-b152-13f708f08fed-960x470.jpeg 960w, https:\/\/radiowebmx.com\/nota\/wp-content\/uploads\/2017\/08\/cffeeffa-cc87-4c2d-b152-13f708f08fed.jpeg 1280w\" sizes=\"auto, (max-width: 401px) 100vw, 401px\" \/><\/a><\/p>\n<p>&nbsp;<\/p>\n<ul>\n<li><strong>Autoridades estatales, electorales y partidos pol\u00edticos inauguraron el taller regional sobre el Protocolo Implementado para Atender la Violencia Pol\u00edtica contra las Mujeres.<\/strong><\/li>\n<\/ul>\n<p>&nbsp;<\/p>\n<p><strong>Morelia, Michoac\u00e1n, a 30 de agosto de 2017.<\/strong>&#8211; En seguimiento a los trabajos del Observatorio de Participaci\u00f3n Pol\u00edtica de las Mujeres en Michoac\u00e1n, este mi\u00e9rcoles autoridades estatales, electorales y partidos pol\u00edticos inauguraron el taller regional sobre el Protocolo Implementado para Atender la Violencia Pol\u00edtica contra las Mujeres.<\/p>\n<p>Al inaugurar el taller con la representaci\u00f3n del Gobernador Silvano Aureoles Conejo, la titular de la Coordinaci\u00f3n General de Comunicaci\u00f3n Social, Julieta L\u00f3pez Bautista, resalt\u00f3 el trabajo que realiza el Gobierno del Estado para generar condiciones de desarrollo para las mujeres, y se pronunci\u00f3 a favor de seguir trabajando de la mano con todos los sectores de la sociedad para que las mujeres puedan acceder a una vida libre de violencia.<\/p>\n<p>\u201cLos derechos pol\u00edticos de las mujeres no deben reducirse a la conquista de espacios electorales, sino a una atenci\u00f3n integral que garantice el pleno goce de su facultad para incidir en la construcci\u00f3n de pol\u00edticas p\u00fablicas en todos los \u00e1mbitos de nuestra vida\u201d, subray\u00f3.<\/p>\n<p>Por su parte, la titular de la Secretar\u00eda de Igualdad Sustantiva y Desarrollo de las Mujeres, Fabiola Alan\u00eds S\u00e1mano, refrend\u00f3 el compromiso del Gobierno del Estado, que encabeza Silvano Aureoles Conejo, de lograr que las mujeres ejerzan plenamente sus derechos, e indic\u00f3 que el objetivo de este taller es sensibilizar a los actores pol\u00edticos para que respeten y apliquen el principio de paridad.<\/p>\n<p>\u201cGarantizar y promover la paridad en la vida pol\u00edtica es una prioridad para este Gobierno, por lo que estaremos pendientes de que se conozca el Protocolo para que los \u00f3rganos electorales y los partidos pol\u00edticos hagan valer este derecho\u201d, destac\u00f3.<\/p>\n<p>De su lado, el representante del Instituto Nacional de las Mujeres, V\u00edctor Pichardo \u00c1ngeles, reconoci\u00f3 el trabajo del Gobierno de Michoac\u00e1n para lograr acuerdos con las y los involucrados en atender la violencia pol\u00edtica contra las mujeres de manera estrat\u00e9gica y coordinada.<\/p>\n<p>\u201cMichoac\u00e1n puede convertirse en muestra de c\u00f3mo se debe trabajar el tema de la igualdad, de c\u00f3mo se puede concertar con los diferentes actores y c\u00f3mo estar pensando siempre en las mujeres para que puedan acceder a mejores puestos de trabajo, ingresos y condiciones de vida\u201d, se\u00f1al\u00f3 el funcionario federal.<\/p>\n<p>En tanto, el consejero presidente del Instituto Electoral de Michoac\u00e1n (IEM), Ram\u00f3n Hern\u00e1ndez Reyes, garantiz\u00f3 que se vigilar\u00e1 que durante el pr\u00f3ximo proceso electoral se respete el principio de paridad no s\u00f3lo en las candidaturas, sino en las campa\u00f1as, y una vez que hayan ganado puedan tomar posesi\u00f3n de sus cargos. En este sentido, reconoci\u00f3 a la administraci\u00f3n estatal por sumarse a este objetivo.<\/p>\n<p>\u201cQueremos mujeres que hagan valer sus derechos y nosotros las vamos acompa\u00f1ar; no queremos hombres machitos, queremos hombres que reconozcan el derecho de la mujer, que garanticen la participaci\u00f3n de la mujer en igualdad de condiciones, por lo que tambi\u00e9n lo vamos hacer desde el \u00f3rgano electoral\u201d, asever\u00f3.<\/p>\n<p>&nbsp;<\/p>\n<p><a href=\"https:\/\/radiowebmx.com\/nota\/wp-content\/uploads\/2017\/08\/46da6827-39ac-44bf-81a1-0ced4da959c0.jpeg\"><img loading=\"lazy\" decoding=\"async\" class=\"alignnone  wp-image-43168\" src=\"https:\/\/radiowebmx.com\/nota\/wp-content\/uploads\/2017\/08\/46da6827-39ac-44bf-81a1-0ced4da959c0-595x397.jpeg\" alt=\"\" width=\"399\" height=\"266\" srcset=\"https:\/\/radiowebmx.com\/nota\/wp-content\/uploads\/2017\/08\/46da6827-39ac-44bf-81a1-0ced4da959c0-595x397.jpeg 595w, https:\/\/radiowebmx.com\/nota\/wp-content\/uploads\/2017\/08\/46da6827-39ac-44bf-81a1-0ced4da959c0-768x512.jpeg 768w, https:\/\/radiowebmx.com\/nota\/wp-content\/uploads\/2017\/08\/46da6827-39ac-44bf-81a1-0ced4da959c0-960x640.jpeg 960w, https:\/\/radiowebmx.com\/nota\/wp-content\/uploads\/2017\/08\/46da6827-39ac-44bf-81a1-0ced4da959c0-272x182.jpeg 272w, https:\/\/radiowebmx.com\/nota\/wp-content\/uploads\/2017\/08\/46da6827-39ac-44bf-81a1-0ced4da959c0.jpeg 1280w\" sizes=\"auto, (max-width: 399px) 100vw, 399px\" \/><\/a><\/p>\n<p>&nbsp;<\/p>\n<p>A nombre del Tribunal Electoral del Estado de Michoac\u00e1n, la secretaria general de Acuerdos, Ana Mar\u00eda Vargas V\u00e9lez, reconoci\u00f3 el trabajo del Gobierno del Estado para fomentar el respecto a los derechos pol\u00edtico electorales de las michoacanas.<\/p>\n<p>\u201cNos estamos uniendo a todas las acciones que est\u00e1 emprendiendo la administraci\u00f3n p\u00fablica estatal para prevenir y atender todos los casos de violencia contra las mujeres, en especial para garantizar el ejercicio de sus derechos pol\u00edtico electorales\u201d, apunt\u00f3.<\/p>\n<p>A la inauguraci\u00f3n del taller tambi\u00e9n asistieron el coordinador de Fiscal\u00edas Regionales de la Procuradur\u00eda General de Justicia de Estado, Marco Aurelio Nava Cervantes; la titular de la Fiscal\u00eda Especializada en Atenci\u00f3n a Delitos de Violencia Familiar y de G\u00e9nero, Araceli Palomares Miranda; la directora del Centro de Justicia Integral para la Mujer, Janeth Mart\u00ednez Mondrag\u00f3n.<\/p>\n<p>Tambi\u00e9n, el presidente y el secretario general del Comit\u00e9 Ejecutivo Estatal del Partido de la Revoluci\u00f3n Democr\u00e1tica (PRD), Carlos Torres Pi\u00f1a y Antonio Garc\u00eda Conejo, respectivamente; la secretaria general y diputada del Partido Revolucionario Institucional, Rosal\u00eda Miranda Ar\u00e9valo; los diputados locales del Partido Acci\u00f3n Nacional y PRD, Miguel \u00c1ngel Villegas y Manuel L\u00f3pez Mel\u00e9ndez; y la representante del Movimiento de Regeneraci\u00f3n Nacional ante el IEM, Marcela Barrientos Garc\u00eda.<\/p>\n<p>Adem\u00e1s, la presidenta municipal de Santa Ana Maya, Mar\u00eda de Jes\u00fas L\u00f3pez Parra; el alcalde de Huiramba, Jos\u00e9 Humberto Garc\u00eda Dom\u00ednguez; la consejera del IEM, Elvia Higuera P\u00e9rez; y directoras de las Instancias Municipales de la Mujer.<\/p>\n","protected":false},"excerpt":{"rendered":"<p>&nbsp; Autoridades estatales, electorales y partidos pol\u00edticos inauguraron el taller regional sobre el Protocolo Implementado para Atender la Violencia Pol\u00edtica contra las Mujeres. &nbsp; Morelia, Michoac\u00e1n, a 30 de agosto de 2017.&#8211; En seguimiento a los trabajos del Observatorio de Participaci\u00f3n Pol\u00edtica de las Mujeres en Michoac\u00e1n, este mi\u00e9rcoles autoridades estatales, electorales y partidos pol\u00edticos [&hellip;]<\/p>\n","protected":false},"author":2,"featured_media":43166,"comment_status":"closed","ping_status":"closed","sticky":false,"template":"","format":"standard","meta":{"footnotes":""},"categories":[14,3,60],"tags":[],"class_list":["post-43165","post","type-post","status-publish","format-standard","has-post-thumbnail","hentry","category-destacadas","category-gobierno-del-estado-de-michoacan","category-michoacan"],"_links":{"self":[{"href":"https:\/\/radiowebmx.com\/nota\/wp-json\/wp\/v2\/posts\/43165","targetHints":{"allow":["GET"]}}],"collection":[{"href":"https:\/\/radiowebmx.com\/nota\/wp-json\/wp\/v2\/posts"}],"about":[{"href":"https:\/\/radiowebmx.com\/nota\/wp-json\/wp\/v2\/types\/post"}],"author":[{"embeddable":true,"href":"https:\/\/radiowebmx.com\/nota\/wp-json\/wp\/v2\/users\/2"}],"replies":[{"embeddable":true,"href":"https:\/\/radiowebmx.com\/nota\/wp-json\/wp\/v2\/comments?post=43165"}],"version-history":[{"count":1,"href":"https:\/\/radiowebmx.com\/nota\/wp-json\/wp\/v2\/posts\/43165\/revisions"}],"predecessor-version":[{"id":43169,"href":"https:\/\/radiowebmx.com\/nota\/wp-json\/wp\/v2\/posts\/43165\/revisions\/43169"}],"wp:featuredmedia":[{"embeddable":true,"href":"https:\/\/radiowebmx.com\/nota\/wp-json\/wp\/v2\/media\/43166"}],"wp:attachment":[{"href":"https:\/\/radiowebmx.com\/nota\/wp-json\/wp\/v2\/media?parent=43165"}],"wp:term":[{"taxonomy":"category","embeddable":true,"href":"https:\/\/radiowebmx.com\/nota\/wp-json\/wp\/v2\/categories?post=43165"},{"taxonomy":"post_tag","embeddable":true,"href":"https:\/\/radiowebmx.com\/nota\/wp-json\/wp\/v2\/tags?post=43165"}],"curies":[{"name":"wp","href":"https:\/\/api.w.org\/{rel}","templated":true}]}}