{"id":43161,"date":"2017-08-30T11:59:23","date_gmt":"2017-08-30T16:59:23","guid":{"rendered":"https:\/\/radiowebmx.com\/nota\/?p=43161"},"modified":"2017-08-30T15:07:44","modified_gmt":"2017-08-30T20:07:44","slug":"todo-listo-para-los-meses-del-testamento-segob","status":"publish","type":"post","link":"https:\/\/radiowebmx.com\/nota\/todo-listo-para-los-meses-del-testamento-segob\/","title":{"rendered":"Todo listo para los meses del testamento: Segob"},"content":{"rendered":"<p><a href=\"https:\/\/radiowebmx.com\/nota\/wp-content\/uploads\/2017\/08\/130313b5-df1c-4e13-98dc-6bc7573962e2.jpeg\"><img loading=\"lazy\" decoding=\"async\" class=\"alignnone wp-image-43163\" src=\"https:\/\/radiowebmx.com\/nota\/wp-content\/uploads\/2017\/08\/130313b5-df1c-4e13-98dc-6bc7573962e2-595x446.jpeg\" alt=\"\" width=\"401\" height=\"301\" srcset=\"https:\/\/radiowebmx.com\/nota\/wp-content\/uploads\/2017\/08\/130313b5-df1c-4e13-98dc-6bc7573962e2-595x446.jpeg 595w, https:\/\/radiowebmx.com\/nota\/wp-content\/uploads\/2017\/08\/130313b5-df1c-4e13-98dc-6bc7573962e2-768x576.jpeg 768w, https:\/\/radiowebmx.com\/nota\/wp-content\/uploads\/2017\/08\/130313b5-df1c-4e13-98dc-6bc7573962e2-960x720.jpeg 960w, https:\/\/radiowebmx.com\/nota\/wp-content\/uploads\/2017\/08\/130313b5-df1c-4e13-98dc-6bc7573962e2.jpeg 1280w\" sizes=\"auto, (max-width: 401px) 100vw, 401px\" \/><\/a><\/p>\n<p>&nbsp;<\/p>\n<p><strong>Morelia, Michoac\u00e1n, a 30 de agosto de 2017.-<\/strong>\u00a0Como cada a\u00f1o, la Secretar\u00eda de Gobierno se suma a la Campa\u00f1a Nacional \u201cSeptiembre Mes del Testamento\u201d, y como ya es costumbre, con la finalidad de llevar los beneficios de este programa a un sector m\u00e1s amplio de la sociedad, en Michoac\u00e1n se extiende al mes de octubre.<\/p>\n<p>As\u00ed lo dio a conocer el director del Notariado y Archivo General de Notar\u00edas, Hannes Abdiel Ortega Anaya, quien destac\u00f3 que de esta manera la poblaci\u00f3n michoacana podr\u00e1 tramitar su testamento universal a costo reducido.<\/p>\n<p>\u201cEste a\u00f1o tendr\u00e1 un costo total de mil 500 quinientos pesos, IVA incluido, situ\u00e1ndose entre los m\u00e1s econ\u00f3micos en la regi\u00f3n Centro &#8211; Occidente de M\u00e9xico\u201d, resalt\u00f3.<\/p>\n<p>Si bien el testamento es el documento por el cual una persona expresa su decisi\u00f3n o voluntad sobre su patrimonio a fin de transmitir la propiedad de \u00e9ste a las personas que elija bajo las formalidades que por ley se exige ante un notario p\u00fablico, esta decisi\u00f3n puede ser modificada o revocada en cualquier momento por el mismo testador.<\/p>\n<p>\u201cSi las circunstancias han cambiado, los bienes a heredar se han reducido o incrementado, o simplemente porque es decisi\u00f3n del testador\u201d, complement\u00f3 Ortega Anaya.<\/p>\n<p>En este sentido, record\u00f3 que los tr\u00e1mites para un testamento son sencillos y consisten en:<\/p>\n<p>\u2022\u00a0\u00a0\u00a0\u00a0\u00a0\u00a0 Acudir ante el notario p\u00fablico de confianza o, en su caso, al m\u00e1s cercano; para ello, la Secretar\u00eda de Gobierno ha dispuesto en su p\u00e1gina oficial el listado de las y los notarios p\u00fablicos en el siguiente enlace: http:\/\/www.segob.michoacan.gob.mx\/wp-content\/uploads\/2016\/06\/notarios-publicos.xls<\/p>\n<p>\u2022\u00a0\u00a0\u00a0\u00a0\u00a0\u00a0 Presentar identificaci\u00f3n oficial.<\/p>\n<p>\u2022\u00a0\u00a0\u00a0\u00a0\u00a0\u00a0 Presentar tres testigos.<\/p>\n<p>\u2022\u00a0\u00a0\u00a0\u00a0\u00a0\u00a0 La redacci\u00f3n del testamento ser\u00e1 universal, es decir, sin capitulaciones o legados.<\/p>\n<p>\u2022\u00a0\u00a0\u00a0\u00a0\u00a0\u00a0 Designaci\u00f3n del albacea, quien ser\u00e1 la persona encargada de hacer cumplir la voluntad, custodiar, administrar y hacer entrega de los bienes a los herederos.<\/p>\n<p>La Secretar\u00eda de Gobierno, que encabeza Adri\u00e1n L\u00f3pez Sol\u00eds, considera de suma importancia contar con el testamento en regla, pues de ello dependen la certeza y legalidad jur\u00eddica sobre los bienes a heredar, al tiempo que evita posibles conflictos entre familiares al asignar la repartici\u00f3n de los bienes, ya sea de manera equitativa o bienes espec\u00edficos a cada una de ellos.<\/p>\n","protected":false},"excerpt":{"rendered":"<p>&nbsp; Morelia, Michoac\u00e1n, a 30 de agosto de 2017.-\u00a0Como cada a\u00f1o, la Secretar\u00eda de Gobierno se suma a la Campa\u00f1a Nacional \u201cSeptiembre Mes del Testamento\u201d, y como ya es costumbre, con la finalidad de llevar los beneficios de este programa a un sector m\u00e1s amplio de la sociedad, en Michoac\u00e1n se extiende al mes de [&hellip;]<\/p>\n","protected":false},"author":2,"featured_media":43162,"comment_status":"closed","ping_status":"closed","sticky":false,"template":"","format":"standard","meta":{"footnotes":""},"categories":[14,3,60],"tags":[],"class_list":["post-43161","post","type-post","status-publish","format-standard","has-post-thumbnail","hentry","category-destacadas","category-gobierno-del-estado-de-michoacan","category-michoacan"],"_links":{"self":[{"href":"https:\/\/radiowebmx.com\/nota\/wp-json\/wp\/v2\/posts\/43161","targetHints":{"allow":["GET"]}}],"collection":[{"href":"https:\/\/radiowebmx.com\/nota\/wp-json\/wp\/v2\/posts"}],"about":[{"href":"https:\/\/radiowebmx.com\/nota\/wp-json\/wp\/v2\/types\/post"}],"author":[{"embeddable":true,"href":"https:\/\/radiowebmx.com\/nota\/wp-json\/wp\/v2\/users\/2"}],"replies":[{"embeddable":true,"href":"https:\/\/radiowebmx.com\/nota\/wp-json\/wp\/v2\/comments?post=43161"}],"version-history":[{"count":2,"href":"https:\/\/radiowebmx.com\/nota\/wp-json\/wp\/v2\/posts\/43161\/revisions"}],"predecessor-version":[{"id":43184,"href":"https:\/\/radiowebmx.com\/nota\/wp-json\/wp\/v2\/posts\/43161\/revisions\/43184"}],"wp:featuredmedia":[{"embeddable":true,"href":"https:\/\/radiowebmx.com\/nota\/wp-json\/wp\/v2\/media\/43162"}],"wp:attachment":[{"href":"https:\/\/radiowebmx.com\/nota\/wp-json\/wp\/v2\/media?parent=43161"}],"wp:term":[{"taxonomy":"category","embeddable":true,"href":"https:\/\/radiowebmx.com\/nota\/wp-json\/wp\/v2\/categories?post=43161"},{"taxonomy":"post_tag","embeddable":true,"href":"https:\/\/radiowebmx.com\/nota\/wp-json\/wp\/v2\/tags?post=43161"}],"curies":[{"name":"wp","href":"https:\/\/api.w.org\/{rel}","templated":true}]}}