{"id":43153,"date":"2017-08-30T11:19:29","date_gmt":"2017-08-30T16:19:29","guid":{"rendered":"https:\/\/radiowebmx.com\/nota\/?p=43153"},"modified":"2017-08-30T13:53:23","modified_gmt":"2017-08-30T18:53:23","slug":"comite-de-prevencion-de-inundaciones-de-morelia-alerta-a-contingencias-climaticas","status":"publish","type":"post","link":"https:\/\/radiowebmx.com\/nota\/comite-de-prevencion-de-inundaciones-de-morelia-alerta-a-contingencias-climaticas\/","title":{"rendered":"Comit\u00e9 de Prevenci\u00f3n de Inundaciones de Morelia alerta a contingencias clim\u00e1ticas"},"content":{"rendered":"<p><a href=\"https:\/\/radiowebmx.com\/nota\/wp-content\/uploads\/2017\/08\/2c99cab7-0f8c-46cc-a21d-39e317ae818c.jpeg\"><img loading=\"lazy\" decoding=\"async\" class=\"alignnone  wp-image-43155\" src=\"https:\/\/radiowebmx.com\/nota\/wp-content\/uploads\/2017\/08\/2c99cab7-0f8c-46cc-a21d-39e317ae818c-595x793.jpeg\" alt=\"\" width=\"401\" height=\"534\" srcset=\"https:\/\/radiowebmx.com\/nota\/wp-content\/uploads\/2017\/08\/2c99cab7-0f8c-46cc-a21d-39e317ae818c-595x793.jpeg 595w, https:\/\/radiowebmx.com\/nota\/wp-content\/uploads\/2017\/08\/2c99cab7-0f8c-46cc-a21d-39e317ae818c-480x640.jpeg 480w, https:\/\/radiowebmx.com\/nota\/wp-content\/uploads\/2017\/08\/2c99cab7-0f8c-46cc-a21d-39e317ae818c-768x1024.jpeg 768w, https:\/\/radiowebmx.com\/nota\/wp-content\/uploads\/2017\/08\/2c99cab7-0f8c-46cc-a21d-39e317ae818c.jpeg 960w\" sizes=\"auto, (max-width: 401px) 100vw, 401px\" \/><\/a><\/p>\n<p>&nbsp;<\/p>\n<p>El Ayuntamiento de Morelia, a trav\u00e9s del Comit\u00e9 de Prevenci\u00f3n de Inundaciones, se mantiene alerta ante la inestabilidad atmosf\u00e9rica que continuar\u00e1 en el municipio, a trav\u00e9s de un monitoreo constante de los r\u00edos y drenes de la capital michoacana, as\u00ed como la comunicaci\u00f3n permanente entre las \u00e1reas involucradas.<\/p>\n<p>El Coordinador de Protecci\u00f3n Civil y Bomberos, Eduardo Ram\u00edrez Canals, inform\u00f3 que el Pron\u00f3stico Meteorol\u00f3gico prev\u00e9 el dominio de nublados, con la posibilidad de lloviznas y lluvias de moderadas a fuertes durante todo el d\u00eda, por lo que el Gobierno Municipal no bajar\u00e1 la guardia en la prevenci\u00f3n y respuesta ante cualquier emergencia que se pudiera presentar.<\/p>\n<p>Refiri\u00f3 que hasta el momento, el Organismo Operador de Agua Potable, Alcantarillado y Saneamiento Morelia (OOAPAS), reporta que los drenes Barajas y Carlos Salazar, se encuentran a un 50 por ciento de su capacidad, en tanto que en el transcurso del d\u00eda se seguir\u00e1n supervisando para evitar cualquier contratiempo.<\/p>\n<p>Asimismo, Ram\u00edrez Canals, indic\u00f3 que personal del Programa de Prevenci\u00f3n de Inundaciones efect\u00faa recorridos en los cuatro sectores del municipio para salvaguardar la seguridad de los morelianos, sin embargo asegur\u00f3 que no se esperan afectaciones que pongan en peligro la integridad f\u00edsica ni material de la poblaci\u00f3n por dichas precipitaciones pluviales.<\/p>\n<p>Reiter\u00f3 que la Coordinaci\u00f3n de Protecci\u00f3n Civil y Bomberos, en trabajo conjunto con el OOAPAS Morelia, la Secretar\u00eda de Servicios P\u00fablicos a trav\u00e9s de las Direcciones de Imagen Urbana, Residuos S\u00f3lidos; la Direcci\u00f3n de Medio Ambiente y Sustentabilidad y la Direcci\u00f3n de Comunicaci\u00f3n Social, mantendr\u00e1 el monitoreo y vigilancia permanente en drenes, niveles de r\u00edos de la ciudad, as\u00ed como zonas bajas, para informar oportunamente a la ciudadan\u00eda sobre alguna incidencia.<\/p>\n<p>Eduardo Ram\u00edrez, aprovech\u00f3 para invitar a la ciudadan\u00eda a extremar precauciones por las lluvias y a estar atentos a los reportes de las autoridades de los tres \u00f3rdenes de Gobierno, para evitar cualquier incidente.<\/p>\n<p>Finalmente, subray\u00f3 el compromiso del Comit\u00e9 de Prevenci\u00f3n de Inundaciones de Morelia, que encabeza el Secretario del Ayuntamiento, Jes\u00fas \u00c1valos Plata, por salvaguardar la seguridad de las familias morelianas.<\/p>\n","protected":false},"excerpt":{"rendered":"<p>&nbsp; El Ayuntamiento de Morelia, a trav\u00e9s del Comit\u00e9 de Prevenci\u00f3n de Inundaciones, se mantiene alerta ante la inestabilidad atmosf\u00e9rica que continuar\u00e1 en el municipio, a trav\u00e9s de un monitoreo constante de los r\u00edos y drenes de la capital michoacana, as\u00ed como la comunicaci\u00f3n permanente entre las \u00e1reas involucradas. El Coordinador de Protecci\u00f3n Civil y [&hellip;]<\/p>\n","protected":false},"author":2,"featured_media":43154,"comment_status":"closed","ping_status":"closed","sticky":false,"template":"","format":"standard","meta":{"footnotes":""},"categories":[14,60,9],"tags":[],"class_list":["post-43153","post","type-post","status-publish","format-standard","has-post-thumbnail","hentry","category-destacadas","category-michoacan","category-morelia"],"_links":{"self":[{"href":"https:\/\/radiowebmx.com\/nota\/wp-json\/wp\/v2\/posts\/43153","targetHints":{"allow":["GET"]}}],"collection":[{"href":"https:\/\/radiowebmx.com\/nota\/wp-json\/wp\/v2\/posts"}],"about":[{"href":"https:\/\/radiowebmx.com\/nota\/wp-json\/wp\/v2\/types\/post"}],"author":[{"embeddable":true,"href":"https:\/\/radiowebmx.com\/nota\/wp-json\/wp\/v2\/users\/2"}],"replies":[{"embeddable":true,"href":"https:\/\/radiowebmx.com\/nota\/wp-json\/wp\/v2\/comments?post=43153"}],"version-history":[{"count":1,"href":"https:\/\/radiowebmx.com\/nota\/wp-json\/wp\/v2\/posts\/43153\/revisions"}],"predecessor-version":[{"id":43156,"href":"https:\/\/radiowebmx.com\/nota\/wp-json\/wp\/v2\/posts\/43153\/revisions\/43156"}],"wp:featuredmedia":[{"embeddable":true,"href":"https:\/\/radiowebmx.com\/nota\/wp-json\/wp\/v2\/media\/43154"}],"wp:attachment":[{"href":"https:\/\/radiowebmx.com\/nota\/wp-json\/wp\/v2\/media?parent=43153"}],"wp:term":[{"taxonomy":"category","embeddable":true,"href":"https:\/\/radiowebmx.com\/nota\/wp-json\/wp\/v2\/categories?post=43153"},{"taxonomy":"post_tag","embeddable":true,"href":"https:\/\/radiowebmx.com\/nota\/wp-json\/wp\/v2\/tags?post=43153"}],"curies":[{"name":"wp","href":"https:\/\/api.w.org\/{rel}","templated":true}]}}