{"id":43150,"date":"2017-08-30T13:13:47","date_gmt":"2017-08-30T18:13:47","guid":{"rendered":"https:\/\/radiowebmx.com\/nota\/?p=43150"},"modified":"2017-08-30T13:13:47","modified_gmt":"2017-08-30T18:13:47","slug":"es-momento-de-trabajar-por-mejores-realidades-para-el-presente-y-futuro-de-morelia-andrea-villanueva","status":"publish","type":"post","link":"https:\/\/radiowebmx.com\/nota\/es-momento-de-trabajar-por-mejores-realidades-para-el-presente-y-futuro-de-morelia-andrea-villanueva\/","title":{"rendered":"Es momento de trabajar por mejores realidades para el presente y futuro de Morelia: Andrea Villanueva"},"content":{"rendered":"<ul>\n<li><strong>La diputada del Distrito XVII refrend\u00f3 su convicci\u00f3n y compromiso por seguir trabajando en el bienestar de los ciudadanos<\/strong><\/li>\n<\/ul>\n<p><strong>\u00a0<\/strong><\/p>\n<p><strong>Morelia; Michoac\u00e1n, 30 de agosto de 2017.-<\/strong>\u00a0La labor de un diputado, adem\u00e1s de crear leyes que mejoren las condiciones de vida de la sociedad, es servir como gestor que escuche y acoja las necesidades en ocasiones b\u00e1sicas o m\u00e1s sensibles de la ciudadan\u00eda, sobre todo ante la omisi\u00f3n de las autoridades responsables de brindarle atenci\u00f3n y soluci\u00f3n.<\/p>\n<p>As\u00ed lo se\u00f1al\u00f3 la diputada del Distrito XVII de Morelia, Andrea Villanueva Cano, quien durante este Segundo Informe de Trabajo como representante de los ciudadanos en el Congreso local, realiz\u00f3 m\u00e1s de 500 gestiones para infraestructura escolar, medicamentos, equipo ortop\u00e9dico, apoyos para ingresos hospitalarios, entre otros.<\/p>\n<p>De manera primordial, refrend\u00f3 su apoyo a las peque\u00f1as y medianas empresas a trav\u00e9s del Impulso Econ\u00f3mico al Adulto Mayor, en el cual se benefici\u00f3 a personas de la tercera edad que contaran con un negocio propio y que ante la dif\u00edcil situaci\u00f3n econ\u00f3mica, estaban imposibilitados para reabastecer sus comercios con nuevas mercanc\u00edas.<\/p>\n<p>\u201cGracias a la confianza que me brindaron los morelianos para fungir como su representante, hemos trabajado con la certeza de que una encomienda de tal magnitud, merece un compromiso absoluto y una labor que priorice el bienestar de los ciudadanos\u201d, reconoci\u00f3 Villanueva Cano.<\/p>\n<p>A trav\u00e9s de diversas jornadas de limpieza, gestion\u00f3 la rehabilitaci\u00f3n de \u00e1reas verdes en las colonias\u00a0 Infonavit Camelinas, Sara Malfav\u00f3n, Puerto de Buena Vista, adem\u00e1s de la jornada de limpieza del lago de Um\u00e9cuaro y diversas gestiones para las comunidades de At\u00e9cuaro, Santiago Undameo, Jes\u00fas del Monte, Tumbisca, La Palmita, entre otras.<\/p>\n<p>Con m\u00e1s de 70 eventos, mantuvo presencia en las Colonias Ventura Puente, Vasco de Quiroga, Infonavit Camelinas, Puerto de Buena Vista, San Jos\u00e9 de las Torres, Fraccionamiento Camelinas, El Realito, La Obrera, Colinas del Sur, Nueva Jacarandas, Poblado Ocolusen, R\u00edo Bello, Los Pinos, El Laurelito, San Rafael y en las comunidades pertenecientes a la capital del estado.<\/p>\n<p>Finalmente la diputada panista, enfatiz\u00f3 en que este es el momento exacto para trabajar ciudadanos y gobierno, en la construcci\u00f3n de mejores realidades para el presente y el futuro de las familias morelianas.<\/p>\n","protected":false},"excerpt":{"rendered":"<p>La diputada del Distrito XVII refrend\u00f3 su convicci\u00f3n y compromiso por seguir trabajando en el bienestar de los ciudadanos \u00a0 Morelia; Michoac\u00e1n, 30 de agosto de 2017.-\u00a0La labor de un diputado, adem\u00e1s de crear leyes que mejoren las condiciones de vida de la sociedad, es servir como gestor que escuche y acoja las necesidades en [&hellip;]<\/p>\n","protected":false},"author":2,"featured_media":43151,"comment_status":"closed","ping_status":"closed","sticky":false,"template":"","format":"standard","meta":{"footnotes":""},"categories":[6,14],"tags":[],"class_list":["post-43150","post","type-post","status-publish","format-standard","has-post-thumbnail","hentry","category-congreso-del-estado","category-destacadas"],"_links":{"self":[{"href":"https:\/\/radiowebmx.com\/nota\/wp-json\/wp\/v2\/posts\/43150","targetHints":{"allow":["GET"]}}],"collection":[{"href":"https:\/\/radiowebmx.com\/nota\/wp-json\/wp\/v2\/posts"}],"about":[{"href":"https:\/\/radiowebmx.com\/nota\/wp-json\/wp\/v2\/types\/post"}],"author":[{"embeddable":true,"href":"https:\/\/radiowebmx.com\/nota\/wp-json\/wp\/v2\/users\/2"}],"replies":[{"embeddable":true,"href":"https:\/\/radiowebmx.com\/nota\/wp-json\/wp\/v2\/comments?post=43150"}],"version-history":[{"count":1,"href":"https:\/\/radiowebmx.com\/nota\/wp-json\/wp\/v2\/posts\/43150\/revisions"}],"predecessor-version":[{"id":43152,"href":"https:\/\/radiowebmx.com\/nota\/wp-json\/wp\/v2\/posts\/43150\/revisions\/43152"}],"wp:featuredmedia":[{"embeddable":true,"href":"https:\/\/radiowebmx.com\/nota\/wp-json\/wp\/v2\/media\/43151"}],"wp:attachment":[{"href":"https:\/\/radiowebmx.com\/nota\/wp-json\/wp\/v2\/media?parent=43150"}],"wp:term":[{"taxonomy":"category","embeddable":true,"href":"https:\/\/radiowebmx.com\/nota\/wp-json\/wp\/v2\/categories?post=43150"},{"taxonomy":"post_tag","embeddable":true,"href":"https:\/\/radiowebmx.com\/nota\/wp-json\/wp\/v2\/tags?post=43150"}],"curies":[{"name":"wp","href":"https:\/\/api.w.org\/{rel}","templated":true}]}}