{"id":43145,"date":"2017-08-30T10:56:39","date_gmt":"2017-08-30T15:56:39","guid":{"rendered":"https:\/\/radiowebmx.com\/nota\/?p=43145"},"modified":"2017-08-30T11:18:32","modified_gmt":"2017-08-30T16:18:32","slug":"michoacan-y-canada-juntos-a-favor-de-la-educacion-y-el-empleo-xochitl-ruiz","status":"publish","type":"post","link":"https:\/\/radiowebmx.com\/nota\/michoacan-y-canada-juntos-a-favor-de-la-educacion-y-el-empleo-xochitl-ruiz\/","title":{"rendered":"Michoac\u00e1n y Canad\u00e1, juntos a favor de la educaci\u00f3n y el empleo: X\u00f3chitl Ru\u00edz"},"content":{"rendered":"<p><a href=\"https:\/\/radiowebmx.com\/nota\/wp-content\/uploads\/2017\/08\/comunicado-1175.2.jpeg\"><img loading=\"lazy\" decoding=\"async\" class=\"alignnone  wp-image-43146\" src=\"https:\/\/radiowebmx.com\/nota\/wp-content\/uploads\/2017\/08\/comunicado-1175.2-595x396.jpeg\" alt=\"\" width=\"400\" height=\"266\" srcset=\"https:\/\/radiowebmx.com\/nota\/wp-content\/uploads\/2017\/08\/comunicado-1175.2-595x396.jpeg 595w, https:\/\/radiowebmx.com\/nota\/wp-content\/uploads\/2017\/08\/comunicado-1175.2-768x511.jpeg 768w, https:\/\/radiowebmx.com\/nota\/wp-content\/uploads\/2017\/08\/comunicado-1175.2-960x639.jpeg 960w, https:\/\/radiowebmx.com\/nota\/wp-content\/uploads\/2017\/08\/comunicado-1175.2-272x182.jpeg 272w, https:\/\/radiowebmx.com\/nota\/wp-content\/uploads\/2017\/08\/comunicado-1175.2.jpeg 1280w\" sizes=\"auto, (max-width: 400px) 100vw, 400px\" \/><\/a><\/p>\n<p>&nbsp;<\/p>\n<p class=\"x_MsoNormal\"><b>Morelia; Michoac\u00e1n, 30 de agosto de 2017<\/b>.- Ante la necesidad de impulsar el sector educativo para el estado de Michoac\u00e1n, y buscar la manera de que j\u00f3venes puedan estudiar fuera del pa\u00eds, la Diputada Presidente de la Comisi\u00f3n de Educaci\u00f3n en el Congreso del Estado, X\u00f3chitl Ru\u00edz Gonz\u00e1lez, celebr\u00f3 la reuni\u00f3n sostenida con el Vicec\u00f3nsul de Canad\u00e1 del municipio de Leamington en el condado de Essex Ontario, Ra\u00fal Jorge Paz Rangel, qui\u00e9n se sum\u00f3 para dar dicho apoyo a los estudiantes michoacanos en el vecino pa\u00eds.<\/p>\n<p class=\"x_MsoNormal\">Durante la reuni\u00f3n sostenida entre la legisladora priista y el Vicec\u00f3nsul, se pretende que los michoacanos acudan a Canad\u00e1 para seguir con sus estudios, y de esta manera reforzar los lazos entre ambos.<\/p>\n<p class=\"x_MsoNormal\">&#8220;Es importante este tipo de reuni\u00f3n, pues la educaci\u00f3n no podemos nunca dejarla de lado, pues no solamente es el futuro de cualquier estado o pa\u00eds, si no el presente debemos buscarle oportunidades a nuestros j\u00f3venes&#8221; dijo la legisladora durante dicha reuni\u00f3n.<\/p>\n<p class=\"x_MsoNormal\">A decir de la diputada del Partido Revolucionario Institucional (PRI), explic\u00f3 que se trata de proyectos educativos de vinculaci\u00f3n, capacitaci\u00f3n y empleos para los j\u00f3venes michoacanos estudiantes de universidad y carreras t\u00e9cnicas.<\/p>\n<p class=\"x_MsoNormal\">&#8220;Con este acuerdo adem\u00e1s de apoyo educativo a michoacanos, buscaremos nuevas oportunidades de empleo para los j\u00f3venes reci\u00e9n egresados&#8221; se\u00f1al\u00f3.<\/p>\n<p class=\"x_MsoNormal\">Con dicha reuni\u00f3n se fortalecen las actividades a futuro de vinculaci\u00f3n entre Canad\u00e1 y Michoac\u00e1n, con la intenci\u00f3n de buscar siempre los mejores beneficios para el estado.<\/p>\n<p class=\"x_MsoNormal\">&#8220;A\u00fan falta por definir detalles, pero tuvimos grandes avances este d\u00eda con mi amigo Paz Rangel y pronto le daremos a conocer a la sociedad michoacana como pueden participar&#8221; dijo.<\/p>\n","protected":false},"excerpt":{"rendered":"<p>&nbsp; Morelia; Michoac\u00e1n, 30 de agosto de 2017.- Ante la necesidad de impulsar el sector educativo para el estado de Michoac\u00e1n, y buscar la manera de que j\u00f3venes puedan estudiar fuera del pa\u00eds, la Diputada Presidente de la Comisi\u00f3n de Educaci\u00f3n en el Congreso del Estado, X\u00f3chitl Ru\u00edz Gonz\u00e1lez, celebr\u00f3 la reuni\u00f3n sostenida con el [&hellip;]<\/p>\n","protected":false},"author":2,"featured_media":43147,"comment_status":"closed","ping_status":"closed","sticky":false,"template":"","format":"standard","meta":{"footnotes":""},"categories":[6,14],"tags":[],"class_list":["post-43145","post","type-post","status-publish","format-standard","has-post-thumbnail","hentry","category-congreso-del-estado","category-destacadas"],"_links":{"self":[{"href":"https:\/\/radiowebmx.com\/nota\/wp-json\/wp\/v2\/posts\/43145","targetHints":{"allow":["GET"]}}],"collection":[{"href":"https:\/\/radiowebmx.com\/nota\/wp-json\/wp\/v2\/posts"}],"about":[{"href":"https:\/\/radiowebmx.com\/nota\/wp-json\/wp\/v2\/types\/post"}],"author":[{"embeddable":true,"href":"https:\/\/radiowebmx.com\/nota\/wp-json\/wp\/v2\/users\/2"}],"replies":[{"embeddable":true,"href":"https:\/\/radiowebmx.com\/nota\/wp-json\/wp\/v2\/comments?post=43145"}],"version-history":[{"count":1,"href":"https:\/\/radiowebmx.com\/nota\/wp-json\/wp\/v2\/posts\/43145\/revisions"}],"predecessor-version":[{"id":43148,"href":"https:\/\/radiowebmx.com\/nota\/wp-json\/wp\/v2\/posts\/43145\/revisions\/43148"}],"wp:featuredmedia":[{"embeddable":true,"href":"https:\/\/radiowebmx.com\/nota\/wp-json\/wp\/v2\/media\/43147"}],"wp:attachment":[{"href":"https:\/\/radiowebmx.com\/nota\/wp-json\/wp\/v2\/media?parent=43145"}],"wp:term":[{"taxonomy":"category","embeddable":true,"href":"https:\/\/radiowebmx.com\/nota\/wp-json\/wp\/v2\/categories?post=43145"},{"taxonomy":"post_tag","embeddable":true,"href":"https:\/\/radiowebmx.com\/nota\/wp-json\/wp\/v2\/tags?post=43145"}],"curies":[{"name":"wp","href":"https:\/\/api.w.org\/{rel}","templated":true}]}}