{"id":43096,"date":"2017-08-29T19:57:02","date_gmt":"2017-08-30T00:57:02","guid":{"rendered":"https:\/\/radiowebmx.com\/nota\/?p=43096"},"modified":"2017-08-30T10:28:13","modified_gmt":"2017-08-30T15:28:13","slug":"con-12-mil-alumnos-de-nuevo-ingreso-arranca-ciclo-escolar-en-el-cecytem","status":"publish","type":"post","link":"https:\/\/radiowebmx.com\/nota\/con-12-mil-alumnos-de-nuevo-ingreso-arranca-ciclo-escolar-en-el-cecytem\/","title":{"rendered":"Con 12 mil alumnos de nuevo ingreso, arranca ciclo escolar en el CECyTEM"},"content":{"rendered":"<p><a href=\"https:\/\/radiowebmx.com\/nota\/wp-content\/uploads\/2017\/08\/1caf1c60-1e19-47cd-9044-f9c9cbd52bcf.jpg\"><img loading=\"lazy\" decoding=\"async\" class=\"alignnone  wp-image-43097\" src=\"https:\/\/radiowebmx.com\/nota\/wp-content\/uploads\/2017\/08\/1caf1c60-1e19-47cd-9044-f9c9cbd52bcf-595x397.jpg\" alt=\"\" width=\"400\" height=\"267\" srcset=\"https:\/\/radiowebmx.com\/nota\/wp-content\/uploads\/2017\/08\/1caf1c60-1e19-47cd-9044-f9c9cbd52bcf-595x397.jpg 595w, https:\/\/radiowebmx.com\/nota\/wp-content\/uploads\/2017\/08\/1caf1c60-1e19-47cd-9044-f9c9cbd52bcf-768x512.jpg 768w, https:\/\/radiowebmx.com\/nota\/wp-content\/uploads\/2017\/08\/1caf1c60-1e19-47cd-9044-f9c9cbd52bcf-960x640.jpg 960w, https:\/\/radiowebmx.com\/nota\/wp-content\/uploads\/2017\/08\/1caf1c60-1e19-47cd-9044-f9c9cbd52bcf-272x182.jpg 272w, https:\/\/radiowebmx.com\/nota\/wp-content\/uploads\/2017\/08\/1caf1c60-1e19-47cd-9044-f9c9cbd52bcf.jpg 1800w\" sizes=\"auto, (max-width: 400px) 100vw, 400px\" \/><\/a><\/p>\n<p>&nbsp;<\/p>\n<p><strong>Tzintzuntzan, Michoac\u00e1n, a 29 de agosto de 2017.-\u00a0<\/strong>\u201cLo m\u00e1s importante para nosotros son ustedes, los j\u00f3venes; que reciban una educaci\u00f3n de calidad, que tengan instalaciones y herramientas en buen estado y que se les brinden en este subsistema educativo, los saberes y los conocimientos necesarios para enfrentar la vida\u201d, expres\u00f3 la directora general del Colegio de Estudios Cient\u00edficos y Tecnol\u00f3gicos del Estado de Michoac\u00e1n (CECyTEM), Mar\u00eda del Carmen Escobedo P\u00e9rez.<\/p>\n<p>Al dar la bienvenida desde el plantel Tzintzuntzan a las y los 22 mil estudiantes de los 93 planteles de este subsistema educativo -de los cuales 12 mil son de nuevo ingreso, la funcionaria estatal exhort\u00f3 a las y los j\u00f3venes a concluir su bachillerato y continuar su educaci\u00f3n superior.<\/p>\n<p>Por su parte, el director del plantel, Carlos Hern\u00e1ndez B\u00e1ez, reconoci\u00f3 la labor que desempe\u00f1an los docentes que trabajan en el CECyTEM: \u201chemos trabajado en la planeaci\u00f3n y en la restructuraci\u00f3n de los planes acad\u00e9micos para ofrecerles lo mejor a nuestros nuevos estudiantes y a los que ya estaban en nuestras aulas, para que se sigan superando o se incorporen al mercado laboral\u201d.<\/p>\n<p>De su lado, el alcalde de Tzintzuntzan, Elesban Aparicio Cuiriz, invit\u00f3 a las y los j\u00f3venes a prepararse\u00a0para la vida y refrend\u00f3 su disposici\u00f3n para firmar un convenio con el CECyTEM para mejorar la infraestructura en pro de los j\u00f3venes del municipio.<\/p>\n<p>&nbsp;<\/p>\n<p><a href=\"https:\/\/radiowebmx.com\/nota\/wp-content\/uploads\/2017\/08\/6d6a2f8d-42ef-46fb-8cea-2907e3ca00cc.jpg\"><img loading=\"lazy\" decoding=\"async\" class=\"alignnone  wp-image-43099\" src=\"https:\/\/radiowebmx.com\/nota\/wp-content\/uploads\/2017\/08\/6d6a2f8d-42ef-46fb-8cea-2907e3ca00cc-595x397.jpg\" alt=\"\" width=\"402\" height=\"268\" srcset=\"https:\/\/radiowebmx.com\/nota\/wp-content\/uploads\/2017\/08\/6d6a2f8d-42ef-46fb-8cea-2907e3ca00cc-595x397.jpg 595w, https:\/\/radiowebmx.com\/nota\/wp-content\/uploads\/2017\/08\/6d6a2f8d-42ef-46fb-8cea-2907e3ca00cc-768x512.jpg 768w, https:\/\/radiowebmx.com\/nota\/wp-content\/uploads\/2017\/08\/6d6a2f8d-42ef-46fb-8cea-2907e3ca00cc-960x640.jpg 960w, https:\/\/radiowebmx.com\/nota\/wp-content\/uploads\/2017\/08\/6d6a2f8d-42ef-46fb-8cea-2907e3ca00cc-272x182.jpg 272w, https:\/\/radiowebmx.com\/nota\/wp-content\/uploads\/2017\/08\/6d6a2f8d-42ef-46fb-8cea-2907e3ca00cc.jpg 1800w\" sizes=\"auto, (max-width: 402px) 100vw, 402px\" \/><\/a><\/p>\n<p>En tanto, el director de Educaci\u00f3n Media Superior de la Secretar\u00eda de Educaci\u00f3n del Estado, Gonzalo Villa Ibarra, subray\u00f3: \u201csin duda estamos ocupados en mejorar los indicadores de la educaci\u00f3n en el estado, tenemos que elevar la calidad educativa para que las comunidades mejoren su nivel de vida\u201d.<\/p>\n<p>\u201cLas y los estudiantes son los actores principales de la educaci\u00f3n, y los padres de familia son fundamentales en su proceso educativo, as\u00ed como docentes y autoridades\u201d, puntualiz\u00f3.<\/p>\n","protected":false},"excerpt":{"rendered":"<p>&nbsp; Tzintzuntzan, Michoac\u00e1n, a 29 de agosto de 2017.-\u00a0\u201cLo m\u00e1s importante para nosotros son ustedes, los j\u00f3venes; que reciban una educaci\u00f3n de calidad, que tengan instalaciones y herramientas en buen estado y que se les brinden en este subsistema educativo, los saberes y los conocimientos necesarios para enfrentar la vida\u201d, expres\u00f3 la directora general del [&hellip;]<\/p>\n","protected":false},"author":2,"featured_media":43098,"comment_status":"closed","ping_status":"closed","sticky":false,"template":"","format":"standard","meta":{"footnotes":""},"categories":[14,3,60],"tags":[],"class_list":["post-43096","post","type-post","status-publish","format-standard","has-post-thumbnail","hentry","category-destacadas","category-gobierno-del-estado-de-michoacan","category-michoacan"],"_links":{"self":[{"href":"https:\/\/radiowebmx.com\/nota\/wp-json\/wp\/v2\/posts\/43096","targetHints":{"allow":["GET"]}}],"collection":[{"href":"https:\/\/radiowebmx.com\/nota\/wp-json\/wp\/v2\/posts"}],"about":[{"href":"https:\/\/radiowebmx.com\/nota\/wp-json\/wp\/v2\/types\/post"}],"author":[{"embeddable":true,"href":"https:\/\/radiowebmx.com\/nota\/wp-json\/wp\/v2\/users\/2"}],"replies":[{"embeddable":true,"href":"https:\/\/radiowebmx.com\/nota\/wp-json\/wp\/v2\/comments?post=43096"}],"version-history":[{"count":1,"href":"https:\/\/radiowebmx.com\/nota\/wp-json\/wp\/v2\/posts\/43096\/revisions"}],"predecessor-version":[{"id":43100,"href":"https:\/\/radiowebmx.com\/nota\/wp-json\/wp\/v2\/posts\/43096\/revisions\/43100"}],"wp:featuredmedia":[{"embeddable":true,"href":"https:\/\/radiowebmx.com\/nota\/wp-json\/wp\/v2\/media\/43098"}],"wp:attachment":[{"href":"https:\/\/radiowebmx.com\/nota\/wp-json\/wp\/v2\/media?parent=43096"}],"wp:term":[{"taxonomy":"category","embeddable":true,"href":"https:\/\/radiowebmx.com\/nota\/wp-json\/wp\/v2\/categories?post=43096"},{"taxonomy":"post_tag","embeddable":true,"href":"https:\/\/radiowebmx.com\/nota\/wp-json\/wp\/v2\/tags?post=43096"}],"curies":[{"name":"wp","href":"https:\/\/api.w.org\/{rel}","templated":true}]}}