{"id":43091,"date":"2017-08-29T19:57:05","date_gmt":"2017-08-30T00:57:05","guid":{"rendered":"https:\/\/radiowebmx.com\/nota\/?p=43091"},"modified":"2017-08-30T10:25:48","modified_gmt":"2017-08-30T15:25:48","slug":"iifeem-atendera-a-la-brevedad-escuelas-afectadas-en-tlazazalca","status":"publish","type":"post","link":"https:\/\/radiowebmx.com\/nota\/iifeem-atendera-a-la-brevedad-escuelas-afectadas-en-tlazazalca\/","title":{"rendered":"IIFEEM atender\u00e1 a la brevedad escuelas afectadas en Tlazazalca"},"content":{"rendered":"<p><a href=\"https:\/\/radiowebmx.com\/nota\/wp-content\/uploads\/2017\/08\/c05f563f-82f7-4c29-85c2-143f929944f7.jpg\"><img loading=\"lazy\" decoding=\"async\" class=\"alignnone  wp-image-43093\" src=\"https:\/\/radiowebmx.com\/nota\/wp-content\/uploads\/2017\/08\/c05f563f-82f7-4c29-85c2-143f929944f7-595x368.jpg\" alt=\"\" width=\"401\" height=\"248\" srcset=\"https:\/\/radiowebmx.com\/nota\/wp-content\/uploads\/2017\/08\/c05f563f-82f7-4c29-85c2-143f929944f7-595x368.jpg 595w, https:\/\/radiowebmx.com\/nota\/wp-content\/uploads\/2017\/08\/c05f563f-82f7-4c29-85c2-143f929944f7-768x476.jpg 768w, https:\/\/radiowebmx.com\/nota\/wp-content\/uploads\/2017\/08\/c05f563f-82f7-4c29-85c2-143f929944f7-960x594.jpg 960w, https:\/\/radiowebmx.com\/nota\/wp-content\/uploads\/2017\/08\/c05f563f-82f7-4c29-85c2-143f929944f7.jpg 1250w\" sizes=\"auto, (max-width: 401px) 100vw, 401px\" \/><\/a><\/p>\n<p>&nbsp;<\/p>\n<ul>\n<li><strong>La directora general de la dependencia, Mar\u00eda Guadalupe D\u00edaz Chagolla, visit\u00f3 los planteles para evaluar las afectaciones estructurales y de mobiliario.<\/strong><\/li>\n<\/ul>\n<p><strong>Tlazazalca, Michoac\u00e1n, a 29 de agosto de 2017.-<\/strong>\u00a0Tal como comprometi\u00f3 el Gobernador Silvano Aureoles Conejo, la directora general del Instituto de la Infraestructura F\u00edsica y Educativa del Estado de Michoac\u00e1n (IIFEEM), Mar\u00eda Guadalupe D\u00edaz Chagolla, visit\u00f3 dos planteles educativos de este municipio afectados por la tromba registrada durante el pasado fin de semana.<\/p>\n<p>Acompa\u00f1ada del alcalde\u00a0Javier Andrade Mata, la funcionaria estatal refrend\u00f3 el compromiso del mandatario estatal de realizar acciones en beneficio de los habitantes de Tlazazalca.<\/p>\n<p>D\u00edaz Chagolla visit\u00f3 la Escuela Secundaria Federal &#8220;\u00c1lvaro Obreg\u00f3n&#8221; y la Primaria \u201cEmiliano Zapata\u201d para evaluar las afectaciones estructurales y de mobiliario, mismas que ser\u00e1n atendidas a la brevedad.<\/p>\n<p>La directora general del IIFEEM asegur\u00f3 que los centros escolares afectados ser\u00e1n rehabilitados para que las ni\u00f1as, ni\u00f1os y j\u00f3venes tengan espacios dignos y retomen sus clases lo m\u00e1s pronto posible.<\/p>\n<p>&nbsp;<\/p>\n<p><a href=\"https:\/\/radiowebmx.com\/nota\/wp-content\/uploads\/2017\/08\/d2c7d5a6-2b76-4a70-83b0-e08768f3d3b8.jpg\"><img loading=\"lazy\" decoding=\"async\" class=\"alignnone  wp-image-43094\" src=\"https:\/\/radiowebmx.com\/nota\/wp-content\/uploads\/2017\/08\/d2c7d5a6-2b76-4a70-83b0-e08768f3d3b8-595x387.jpg\" alt=\"\" width=\"400\" height=\"260\" srcset=\"https:\/\/radiowebmx.com\/nota\/wp-content\/uploads\/2017\/08\/d2c7d5a6-2b76-4a70-83b0-e08768f3d3b8-595x387.jpg 595w, https:\/\/radiowebmx.com\/nota\/wp-content\/uploads\/2017\/08\/d2c7d5a6-2b76-4a70-83b0-e08768f3d3b8-768x499.jpg 768w, https:\/\/radiowebmx.com\/nota\/wp-content\/uploads\/2017\/08\/d2c7d5a6-2b76-4a70-83b0-e08768f3d3b8-960x624.jpg 960w, https:\/\/radiowebmx.com\/nota\/wp-content\/uploads\/2017\/08\/d2c7d5a6-2b76-4a70-83b0-e08768f3d3b8.jpg 1250w\" sizes=\"auto, (max-width: 400px) 100vw, 400px\" \/><\/a><\/p>\n<p>El mun\u00edcipe Javier Andrade agradeci\u00f3 el apoyo del Gobierno del Estado, que ha brindado atenci\u00f3n de manera ininterrumpida a todas y todos los afectados.<\/p>\n<p>Cabe mencionar que D\u00edaz Chagolla, en representaci\u00f3n de los trabajadores del IIFEEM entreg\u00f3 v\u00edveres, ropa y productos de limpieza para las familias que padecieron esta contingencia.<\/p>\n","protected":false},"excerpt":{"rendered":"<p>&nbsp; La directora general de la dependencia, Mar\u00eda Guadalupe D\u00edaz Chagolla, visit\u00f3 los planteles para evaluar las afectaciones estructurales y de mobiliario. Tlazazalca, Michoac\u00e1n, a 29 de agosto de 2017.-\u00a0Tal como comprometi\u00f3 el Gobernador Silvano Aureoles Conejo, la directora general del Instituto de la Infraestructura F\u00edsica y Educativa del Estado de Michoac\u00e1n (IIFEEM), Mar\u00eda Guadalupe [&hellip;]<\/p>\n","protected":false},"author":2,"featured_media":43092,"comment_status":"closed","ping_status":"closed","sticky":false,"template":"","format":"standard","meta":{"footnotes":""},"categories":[14,3,60],"tags":[],"class_list":["post-43091","post","type-post","status-publish","format-standard","has-post-thumbnail","hentry","category-destacadas","category-gobierno-del-estado-de-michoacan","category-michoacan"],"_links":{"self":[{"href":"https:\/\/radiowebmx.com\/nota\/wp-json\/wp\/v2\/posts\/43091","targetHints":{"allow":["GET"]}}],"collection":[{"href":"https:\/\/radiowebmx.com\/nota\/wp-json\/wp\/v2\/posts"}],"about":[{"href":"https:\/\/radiowebmx.com\/nota\/wp-json\/wp\/v2\/types\/post"}],"author":[{"embeddable":true,"href":"https:\/\/radiowebmx.com\/nota\/wp-json\/wp\/v2\/users\/2"}],"replies":[{"embeddable":true,"href":"https:\/\/radiowebmx.com\/nota\/wp-json\/wp\/v2\/comments?post=43091"}],"version-history":[{"count":1,"href":"https:\/\/radiowebmx.com\/nota\/wp-json\/wp\/v2\/posts\/43091\/revisions"}],"predecessor-version":[{"id":43095,"href":"https:\/\/radiowebmx.com\/nota\/wp-json\/wp\/v2\/posts\/43091\/revisions\/43095"}],"wp:featuredmedia":[{"embeddable":true,"href":"https:\/\/radiowebmx.com\/nota\/wp-json\/wp\/v2\/media\/43092"}],"wp:attachment":[{"href":"https:\/\/radiowebmx.com\/nota\/wp-json\/wp\/v2\/media?parent=43091"}],"wp:term":[{"taxonomy":"category","embeddable":true,"href":"https:\/\/radiowebmx.com\/nota\/wp-json\/wp\/v2\/categories?post=43091"},{"taxonomy":"post_tag","embeddable":true,"href":"https:\/\/radiowebmx.com\/nota\/wp-json\/wp\/v2\/tags?post=43091"}],"curies":[{"name":"wp","href":"https:\/\/api.w.org\/{rel}","templated":true}]}}