{"id":43088,"date":"2017-08-29T22:20:01","date_gmt":"2017-08-30T03:20:01","guid":{"rendered":"https:\/\/radiowebmx.com\/nota\/?p=43088"},"modified":"2017-08-30T10:22:35","modified_gmt":"2017-08-30T15:22:35","slug":"dialoga-gobernador-con-la-senadora-luisa-maria-calderon","status":"publish","type":"post","link":"https:\/\/radiowebmx.com\/nota\/dialoga-gobernador-con-la-senadora-luisa-maria-calderon\/","title":{"rendered":"Dialoga Gobernador con la senadora Luisa Mar\u00eda Calder\u00f3n"},"content":{"rendered":"<p><center><\/p>\n<table id=\"x_contenido\" border=\"0\" cellspacing=\"0\" cellpadding=\"0\">\n<tbody>\n<tr>\n<td><strong>Morelia, Michoac\u00e1n, a 29 de agosto de 2017<\/strong>.- La noche de este martes, el Gobernador Constitucional Silvano Aureoles Conejo se reuni\u00f3 con la senadora por Michoac\u00e1n Luisa Mar\u00eda Calder\u00f3n Hinojosa, con quien dialog\u00f3 en torno al contexto social y pol\u00edtico de la entidad.<\/p>\n<p>&nbsp;<\/p>\n<p>En encuentro cordial celebrado en Casa de Gobierno, el mandatario michoacano recalc\u00f3 que para atender y solucionar los retos que enfrenta Michoac\u00e1n es necesaria la suma de esfuerzos y la b\u00fasqueda de coincidencia en los proyectos, independientemente de filiaciones partidistas.<\/td>\n<\/tr>\n<\/tbody>\n<\/table>\n<p><\/center><\/p>\n","protected":false},"excerpt":{"rendered":"<p>Morelia, Michoac\u00e1n, a 29 de agosto de 2017.- La noche de este martes, el Gobernador Constitucional Silvano Aureoles Conejo se reuni\u00f3 con la senadora por Michoac\u00e1n Luisa Mar\u00eda Calder\u00f3n Hinojosa, con quien dialog\u00f3 en torno al contexto social y pol\u00edtico de la entidad. &nbsp; En encuentro cordial celebrado en Casa de Gobierno, el mandatario michoacano [&hellip;]<\/p>\n","protected":false},"author":2,"featured_media":43089,"comment_status":"closed","ping_status":"closed","sticky":false,"template":"","format":"standard","meta":{"footnotes":""},"categories":[14,3,60],"tags":[],"class_list":["post-43088","post","type-post","status-publish","format-standard","has-post-thumbnail","hentry","category-destacadas","category-gobierno-del-estado-de-michoacan","category-michoacan"],"_links":{"self":[{"href":"https:\/\/radiowebmx.com\/nota\/wp-json\/wp\/v2\/posts\/43088","targetHints":{"allow":["GET"]}}],"collection":[{"href":"https:\/\/radiowebmx.com\/nota\/wp-json\/wp\/v2\/posts"}],"about":[{"href":"https:\/\/radiowebmx.com\/nota\/wp-json\/wp\/v2\/types\/post"}],"author":[{"embeddable":true,"href":"https:\/\/radiowebmx.com\/nota\/wp-json\/wp\/v2\/users\/2"}],"replies":[{"embeddable":true,"href":"https:\/\/radiowebmx.com\/nota\/wp-json\/wp\/v2\/comments?post=43088"}],"version-history":[{"count":1,"href":"https:\/\/radiowebmx.com\/nota\/wp-json\/wp\/v2\/posts\/43088\/revisions"}],"predecessor-version":[{"id":43090,"href":"https:\/\/radiowebmx.com\/nota\/wp-json\/wp\/v2\/posts\/43088\/revisions\/43090"}],"wp:featuredmedia":[{"embeddable":true,"href":"https:\/\/radiowebmx.com\/nota\/wp-json\/wp\/v2\/media\/43089"}],"wp:attachment":[{"href":"https:\/\/radiowebmx.com\/nota\/wp-json\/wp\/v2\/media?parent=43088"}],"wp:term":[{"taxonomy":"category","embeddable":true,"href":"https:\/\/radiowebmx.com\/nota\/wp-json\/wp\/v2\/categories?post=43088"},{"taxonomy":"post_tag","embeddable":true,"href":"https:\/\/radiowebmx.com\/nota\/wp-json\/wp\/v2\/tags?post=43088"}],"curies":[{"name":"wp","href":"https:\/\/api.w.org\/{rel}","templated":true}]}}