{"id":4288,"date":"2013-10-29T10:30:03","date_gmt":"2013-10-29T16:30:03","guid":{"rendered":"https:\/\/radiowebmx.com\/nota\/?p=4288"},"modified":"2013-10-29T10:30:03","modified_gmt":"2013-10-29T16:30:03","slug":"desde-michoacan-seleccionaran-los-libros-que-se-entregaran-a-las-escuelas-del-pais","status":"publish","type":"post","link":"https:\/\/radiowebmx.com\/nota\/desde-michoacan-seleccionaran-los-libros-que-se-entregaran-a-las-escuelas-del-pais\/","title":{"rendered":"DESDE MICHOAC\u00c1N SELECCIONAR\u00c1N LOS LIBROS QUE SE ENTREGAR\u00c1N A LAS ESCUELAS DEL PA\u00cdS"},"content":{"rendered":"<p><a href=\"https:\/\/radiowebmx.com\/nota\/wp-content\/uploads\/2013\/10\/4Q4A1084.jpg\"><img loading=\"lazy\" decoding=\"async\" class=\"alignleft size-full wp-image-4289\" alt=\"4Q4A1084\" src=\"https:\/\/radiowebmx.com\/nota\/wp-content\/uploads\/2013\/10\/4Q4A1084.jpg\" width=\"591\" height=\"231\" \/><\/a>El secretario de Educaci\u00f3n en el Estado, J. Jes\u00fas Sierra Arias, inaugur\u00f3 la Reuni\u00f3n Regional de Selecci\u00f3n de uso de los Acervos de las Bibliotecas Escolares y de Aula 2013-2014, organizado por el Programa Nacional de Lectura (PNL), donde extern\u00f3 que el gobierno estatal se siente orgulloso que se haya elegido a Michoac\u00e1n para seleccionar los acervos bibliogr\u00e1ficos que se entregar\u00e1n en las escuelas del pa\u00eds.<\/p>\n<p>En el evento organizado por la Secretar\u00eda de Educaci\u00f3n P\u00fablica (SEP), el responsable de la pol\u00edtica educativa de la entidad dijo que en esta semana de actividades se tomar\u00e1n decisiones fundamentales en materia de lectura para el ciclo escolar actual, lo cual, es de vital trascendencia que Morelia haya sido seleccionada para recibir a representantes de 16 estados quienes definir\u00e1n los t\u00edtulos y libros que se entregar\u00e1n dentro del PNL.<\/p>\n<p>Luego de expresar a los asistentes su reconocimiento y especial afecto que su primer trabajo formal fue ser bibliotecario en el Estado de M\u00e9xico, el titular de la pol\u00edtica educativa expres\u00f3: \u201cLo que ustedes est\u00e1n haciendo al seleccionar qu\u00e9 libros se tendr\u00e1n en las aulas, es darle a esas personas que los utilizar\u00e1n una visi\u00f3n del mundo y la posibilidad de acceder a diferentes culturas; si nosotros estamos empe\u00f1ados en esta tarea del servicio p\u00fablico de modelar la vida de las personas a trav\u00e9s de la educaci\u00f3n, tenemos que ser responsables de poner a su disposici\u00f3n los mejores materiales para que ese modelaje que realizamos tambi\u00e9n sea el mejor posible\u201d.<\/p>\n<p>Ante la presencia del Coordinador Estatal del PNL, Arnoldo Reyes Cabello, Sierra Arias aclar\u00f3 que su trabajo es para que las personas aprendan, se formen juicios de valor y que tengamos algo como la raz\u00f3n cr\u00edtica de las cosas. \u201cEl gobierno del estado se siente complacido y, particularmente los que trabajamos en la Secretar\u00eda de Educaci\u00f3n, porque en este a\u00f1o podamos decir que lo que se va a leer en M\u00e9xico se decidi\u00f3 en Morelia. Es lo importante y trascendente\u201d.<\/p>\n<p>En su momento, la directora general adjunta de Materiales Educativos de la SEB-SEP, dijo que en la reuni\u00f3n se revisar\u00e1n libros y mostrar\u00e1n el trabajo que desde febrero de este a\u00f1o se ha realizado bajo dos prioridades: lectura y escritura, y matem\u00e1ticas; adem\u00e1s de la premisa clara de la administraci\u00f3n es que los libros y materiales lleguen a tiempo a las escuelas.<\/p>\n<p>La funcionaria federal dijo que en esta ocasi\u00f3n acompa\u00f1an a la reuni\u00f3n UNICEF-M\u00e9xico y la Direcci\u00f3n General de la Gesti\u00f3n e Innovaci\u00f3n Educativa de la SEP,\u00a0 porque por primera ocasi\u00f3n, adem\u00e1s de seleccionar los Libros del Rinc\u00f3n que ir\u00e1n a las Bibliotecas Escolares y de Aula, seleccionar\u00e1n tambi\u00e9n la Biblioteca de Convivencia Escolar para el supervisor del Programa Escuela Segura.<\/p>\n<p>La reuni\u00f3n regional fue coordinada por la Direcci\u00f3n de Bibliotecas y Promoci\u00f3n de la Lectura, cuyo titular, David Acevedo, en su visita a Michoac\u00e1n expuso que el sistema b\u00e1sico que plantea la Subsecretar\u00eda de Educaci\u00f3n B\u00e1sica de la SEP, tiene como una de sus prioridades generales la mejora del aprendizaje centrada en lectura, escritura y matem\u00e1ticas. Sobre todo destac\u00f3 la participaci\u00f3n de la UNICEF por aportar el desarrollo de la lectura y la escritura en los \u00faltimos meses.<\/p>\n<p>El objetivo de la reuni\u00f3n es prenstar a\u00a0 los coordinadores, asesores, directivos, docentes y bibliotecarios de 16 entidades del pa\u00eds, la nueva visi\u00f3n de los materiales educativos que la SEP desarrollar\u00e1 en los pr\u00f3ximos a\u00f1os.<\/p>\n<p>El prop\u00f3sito de la reuni\u00f3n es definir como resultado de la presentaci\u00f3n de la consulta desarrollada con ni\u00f1os, pap\u00e1s, maestros y bibliotecarios en cada entidad participante, la propuesta de libros que conformar\u00e1n los acervos de Bibliotecas Escolares y de Aula 2013-2014.<\/p>\n<p>Algunos de los estados que tienen presencia este encuentro son: Chiapas, Tabasco, Quintana Roo, Puebla, Oaxaca, Guerrero, Tlaxcala, Veracruz, Yucat\u00e1n, Distrito Federal, Estado de M\u00e9xico, Hidalgo, Morelos y Quer\u00e9taro.<\/p>\n<p>De acuerdo con Arnoldo Reyes Cabello, coordinador en el estado del PNL, en Michoac\u00e1n en este ciclo se entregar\u00e1 una biblioteca escolar a los m\u00e1s de 11 mil planteles educativos.<\/p>\n<p>Al evento tambi\u00e9n se asisti\u00f3 el subsecretario de Educaci\u00f3n B\u00e1sica de la Secretar\u00eda de Educaci\u00f3n en el Estado, Cuitl\u00e1huac Contreras \u00cd\u00f1iguez.<\/p>\n","protected":false},"excerpt":{"rendered":"<p>El secretario de Educaci\u00f3n en el Estado, J. Jes\u00fas Sierra Arias, inaugur\u00f3 la Reuni\u00f3n Regional de Selecci\u00f3n de uso de los Acervos de las Bibliotecas Escolares y de Aula 2013-2014,<\/p>\n","protected":false},"author":1,"featured_media":0,"comment_status":"open","ping_status":"open","sticky":false,"template":"","format":"standard","meta":{"footnotes":""},"categories":[14,3],"tags":[],"class_list":["post-4288","post","type-post","status-publish","format-standard","hentry","category-destacadas","category-gobierno-del-estado-de-michoacan"],"_links":{"self":[{"href":"https:\/\/radiowebmx.com\/nota\/wp-json\/wp\/v2\/posts\/4288","targetHints":{"allow":["GET"]}}],"collection":[{"href":"https:\/\/radiowebmx.com\/nota\/wp-json\/wp\/v2\/posts"}],"about":[{"href":"https:\/\/radiowebmx.com\/nota\/wp-json\/wp\/v2\/types\/post"}],"author":[{"embeddable":true,"href":"https:\/\/radiowebmx.com\/nota\/wp-json\/wp\/v2\/users\/1"}],"replies":[{"embeddable":true,"href":"https:\/\/radiowebmx.com\/nota\/wp-json\/wp\/v2\/comments?post=4288"}],"version-history":[{"count":2,"href":"https:\/\/radiowebmx.com\/nota\/wp-json\/wp\/v2\/posts\/4288\/revisions"}],"predecessor-version":[{"id":4291,"href":"https:\/\/radiowebmx.com\/nota\/wp-json\/wp\/v2\/posts\/4288\/revisions\/4291"}],"wp:attachment":[{"href":"https:\/\/radiowebmx.com\/nota\/wp-json\/wp\/v2\/media?parent=4288"}],"wp:term":[{"taxonomy":"category","embeddable":true,"href":"https:\/\/radiowebmx.com\/nota\/wp-json\/wp\/v2\/categories?post=4288"},{"taxonomy":"post_tag","embeddable":true,"href":"https:\/\/radiowebmx.com\/nota\/wp-json\/wp\/v2\/tags?post=4288"}],"curies":[{"name":"wp","href":"https:\/\/api.w.org\/{rel}","templated":true}]}}