{"id":42715,"date":"2017-08-23T12:34:00","date_gmt":"2017-08-23T17:34:00","guid":{"rendered":"https:\/\/radiowebmx.com\/nota\/?p=42715"},"modified":"2017-08-23T14:31:51","modified_gmt":"2017-08-23T19:31:51","slug":"se-suma-parque-zoologico-de-morelia-a-caravana-de-la-salud-en-tzintzuntzan","status":"publish","type":"post","link":"https:\/\/radiowebmx.com\/nota\/se-suma-parque-zoologico-de-morelia-a-caravana-de-la-salud-en-tzintzuntzan\/","title":{"rendered":"Se suma Parque Zool\u00f3gico de Morelia a Caravana de la Salud en Tzintzuntzan"},"content":{"rendered":"<p><a href=\"https:\/\/radiowebmx.com\/nota\/wp-content\/uploads\/2017\/08\/f0526235-09cb-4594-8d0f-fcaa42349173.jpeg\"><img loading=\"lazy\" decoding=\"async\" class=\"alignnone  wp-image-42716\" src=\"https:\/\/radiowebmx.com\/nota\/wp-content\/uploads\/2017\/08\/f0526235-09cb-4594-8d0f-fcaa42349173-595x446.jpeg\" alt=\"\" width=\"401\" height=\"301\" srcset=\"https:\/\/radiowebmx.com\/nota\/wp-content\/uploads\/2017\/08\/f0526235-09cb-4594-8d0f-fcaa42349173-595x446.jpeg 595w, https:\/\/radiowebmx.com\/nota\/wp-content\/uploads\/2017\/08\/f0526235-09cb-4594-8d0f-fcaa42349173-768x576.jpeg 768w, https:\/\/radiowebmx.com\/nota\/wp-content\/uploads\/2017\/08\/f0526235-09cb-4594-8d0f-fcaa42349173-960x720.jpeg 960w, https:\/\/radiowebmx.com\/nota\/wp-content\/uploads\/2017\/08\/f0526235-09cb-4594-8d0f-fcaa42349173.jpeg 1280w\" sizes=\"auto, (max-width: 401px) 100vw, 401px\" \/><\/a><\/p>\n<p>&nbsp;<\/p>\n<p><strong>Tzintzuntzan, Michoac\u00e1n, a 23 de agosto de 2017.-<\/strong>\u00a0Personal del Parque Zool\u00f3gico &#8220;Benito Ju\u00e1rez&#8221; de Morelia se sum\u00f3 a las a actividades de la Caravana de la Salud en el municipio de Tzintzuntzan.<\/p>\n<p>Esta ma\u00f1ana el director general del recinto faun\u00edstico, Josu\u00e9 Rangel D\u00edaz, asisti\u00f3 al acto protocolario de inauguraci\u00f3n de las actividades, que comprendieron acciones de salud preventiva, charlas educativas, elaboraci\u00f3n de manualidades con material reciclado e interacci\u00f3n con algunas especies del Parque Zool\u00f3gico.<\/p>\n<p>Afuera de la Presidencia Municipal fueron instalados m\u00f3dulos de oftalmolog\u00eda, atenci\u00f3n dental, vacunaci\u00f3n, prevenci\u00f3n de c\u00e1ncer c\u00e9rvico uterino y papiloma humano.<\/p>\n<p>Al evento asisti\u00f3 la administradora de Patrimonio de Beneficencia P\u00fablica, Lucero Mart\u00ednez Trevi\u00f1o, quien entreg\u00f3 m\u00e1s de 150 apoyos a personas de la tercera edad y refrend\u00f3 el compromiso del Gobernador Silvano Aureoles Conejo de propiciar una mejor calidad de vida a la poblaci\u00f3n.<\/p>\n<p>Por su parte, el director general del Parque Zool\u00f3gico entreg\u00f3 playeras, medallas y l\u00e1pices a m\u00e1s de 250 ni\u00f1as y ni\u00f1os.<\/p>\n<p>&nbsp;<\/p>\n<p><a href=\"https:\/\/radiowebmx.com\/nota\/wp-content\/uploads\/2017\/08\/dedd3475-a687-486f-9978-7253da4c668f.jpeg\"><img loading=\"lazy\" decoding=\"async\" class=\"alignnone  wp-image-42717\" src=\"https:\/\/radiowebmx.com\/nota\/wp-content\/uploads\/2017\/08\/dedd3475-a687-486f-9978-7253da4c668f-595x446.jpeg\" alt=\"\" width=\"401\" height=\"301\" srcset=\"https:\/\/radiowebmx.com\/nota\/wp-content\/uploads\/2017\/08\/dedd3475-a687-486f-9978-7253da4c668f-595x446.jpeg 595w, https:\/\/radiowebmx.com\/nota\/wp-content\/uploads\/2017\/08\/dedd3475-a687-486f-9978-7253da4c668f-768x576.jpeg 768w, https:\/\/radiowebmx.com\/nota\/wp-content\/uploads\/2017\/08\/dedd3475-a687-486f-9978-7253da4c668f-960x720.jpeg 960w, https:\/\/radiowebmx.com\/nota\/wp-content\/uploads\/2017\/08\/dedd3475-a687-486f-9978-7253da4c668f.jpeg 1280w\" sizes=\"auto, (max-width: 401px) 100vw, 401px\" \/><\/a><\/p>\n<p>&nbsp;<\/p>\n<p><a href=\"https:\/\/radiowebmx.com\/nota\/wp-content\/uploads\/2017\/08\/332952b2-01b3-428b-ab38-7128c7ba868c.jpeg\"><img loading=\"lazy\" decoding=\"async\" class=\"alignnone  wp-image-42718\" src=\"https:\/\/radiowebmx.com\/nota\/wp-content\/uploads\/2017\/08\/332952b2-01b3-428b-ab38-7128c7ba868c-595x446.jpeg\" alt=\"\" width=\"399\" height=\"300\" srcset=\"https:\/\/radiowebmx.com\/nota\/wp-content\/uploads\/2017\/08\/332952b2-01b3-428b-ab38-7128c7ba868c-595x446.jpeg 595w, https:\/\/radiowebmx.com\/nota\/wp-content\/uploads\/2017\/08\/332952b2-01b3-428b-ab38-7128c7ba868c-768x576.jpeg 768w, https:\/\/radiowebmx.com\/nota\/wp-content\/uploads\/2017\/08\/332952b2-01b3-428b-ab38-7128c7ba868c-960x720.jpeg 960w, https:\/\/radiowebmx.com\/nota\/wp-content\/uploads\/2017\/08\/332952b2-01b3-428b-ab38-7128c7ba868c.jpeg 1280w\" sizes=\"auto, (max-width: 399px) 100vw, 399px\" \/><\/a><\/p>\n","protected":false},"excerpt":{"rendered":"<p>&nbsp; Tzintzuntzan, Michoac\u00e1n, a 23 de agosto de 2017.-\u00a0Personal del Parque Zool\u00f3gico &#8220;Benito Ju\u00e1rez&#8221; de Morelia se sum\u00f3 a las a actividades de la Caravana de la Salud en el municipio de Tzintzuntzan. Esta ma\u00f1ana el director general del recinto faun\u00edstico, Josu\u00e9 Rangel D\u00edaz, asisti\u00f3 al acto protocolario de inauguraci\u00f3n de las actividades, que comprendieron [&hellip;]<\/p>\n","protected":false},"author":2,"featured_media":42719,"comment_status":"closed","ping_status":"closed","sticky":false,"template":"","format":"standard","meta":{"footnotes":""},"categories":[14,3,60],"tags":[],"class_list":["post-42715","post","type-post","status-publish","format-standard","has-post-thumbnail","hentry","category-destacadas","category-gobierno-del-estado-de-michoacan","category-michoacan"],"_links":{"self":[{"href":"https:\/\/radiowebmx.com\/nota\/wp-json\/wp\/v2\/posts\/42715","targetHints":{"allow":["GET"]}}],"collection":[{"href":"https:\/\/radiowebmx.com\/nota\/wp-json\/wp\/v2\/posts"}],"about":[{"href":"https:\/\/radiowebmx.com\/nota\/wp-json\/wp\/v2\/types\/post"}],"author":[{"embeddable":true,"href":"https:\/\/radiowebmx.com\/nota\/wp-json\/wp\/v2\/users\/2"}],"replies":[{"embeddable":true,"href":"https:\/\/radiowebmx.com\/nota\/wp-json\/wp\/v2\/comments?post=42715"}],"version-history":[{"count":1,"href":"https:\/\/radiowebmx.com\/nota\/wp-json\/wp\/v2\/posts\/42715\/revisions"}],"predecessor-version":[{"id":42720,"href":"https:\/\/radiowebmx.com\/nota\/wp-json\/wp\/v2\/posts\/42715\/revisions\/42720"}],"wp:featuredmedia":[{"embeddable":true,"href":"https:\/\/radiowebmx.com\/nota\/wp-json\/wp\/v2\/media\/42719"}],"wp:attachment":[{"href":"https:\/\/radiowebmx.com\/nota\/wp-json\/wp\/v2\/media?parent=42715"}],"wp:term":[{"taxonomy":"category","embeddable":true,"href":"https:\/\/radiowebmx.com\/nota\/wp-json\/wp\/v2\/categories?post=42715"},{"taxonomy":"post_tag","embeddable":true,"href":"https:\/\/radiowebmx.com\/nota\/wp-json\/wp\/v2\/tags?post=42715"}],"curies":[{"name":"wp","href":"https:\/\/api.w.org\/{rel}","templated":true}]}}