{"id":4269,"date":"2013-10-28T10:55:13","date_gmt":"2013-10-28T16:55:13","guid":{"rendered":"https:\/\/radiowebmx.com\/nota\/?p=4269"},"modified":"2013-10-28T11:18:56","modified_gmt":"2013-10-28T17:18:56","slug":"continuan-las-caravanas-de-promocion-turistica-por-la-costa-de-michoacan","status":"publish","type":"post","link":"https:\/\/radiowebmx.com\/nota\/continuan-las-caravanas-de-promocion-turistica-por-la-costa-de-michoacan\/","title":{"rendered":"CONTIN\u00daAN LAS CARAVANAS DE PROMOCI\u00d3N TUR\u00cdSTICA POR LA COSTA DE MICHOAC\u00c1N"},"content":{"rendered":"<p><a href=\"https:\/\/radiowebmx.com\/nota\/wp-content\/uploads\/2013\/10\/IMG-20131026-WA0010.jpg\"><img loading=\"lazy\" decoding=\"async\" class=\"alignleft size-full wp-image-4271\" alt=\"IMG-20131026-WA0010\" src=\"https:\/\/radiowebmx.com\/nota\/wp-content\/uploads\/2013\/10\/IMG-20131026-WA0010.jpg\" width=\"591\" height=\"281\" \/><\/a>Con la Expo Arena como marco, habitantes de Playa Azul recibieron en la Plaza C\u00edvica la campa\u00f1a de promoci\u00f3n tur\u00edstica como parte de las actividades programadas para el festejo m\u00e1s importante del a\u00f1o.<\/p>\n<p>El formato de Caravanas se ha llevado a diferentes estados circunvecinos y este fin de semana toc\u00f3 a la Costa michoacana \u00a0conocer y disfrutar un poco m\u00e1s de todo lo que su estado les puede ofrecer.<\/p>\n<p>El p\u00fablico asistente adem\u00e1s de presenciar la liberaci\u00f3n de tortugas en diferentes horarios, particip\u00f3 en las actividades propias de la Expo Arena que a\u00f1o con a\u00f1o se lleva a cabo, adem\u00e1s de disfrutar con un ambiente festivo y familiar los diversos atractivos, servicios e informaci\u00f3n de los destinos tur\u00edsticos que Michoac\u00e1n les ofrece a lo largo del a\u00f1o.<\/p>\n<p>Este novedoso formato de promoci\u00f3n que la Secretar\u00eda de Turismo en coordinaci\u00f3n con el sector hotelero, restaurantero y la Casa de las Artesan\u00edas ha llevado a la Costa Michoacana es un espacio itinerante que en esta ocasi\u00f3n estuvo conformado por 25 expositores entre artesanos y productores de diferentes localidades del estado con productos para la exhibici\u00f3n y venta.<\/p>\n<p>Asimismo, se cont\u00f3 con la participaci\u00f3n de distintos representantes del sector hotelero y restaurantero quienes han sido el importante \u00a0enlace\u00a0con los habitantes para dar la informaci\u00f3n de la oferta tur\u00edstica que el estado ofrece en sus diferentes regiones, de tal manera que por la distancia y los atractivos mostrados encuentren en su mismo estado, una opci\u00f3n de viaje.<\/p>\n<p>En el encuentro, la Sectur, hoteleros y representantes de la Oficina de Congresos y Visitantes, dieron a conocer la oferta de atractivos y servicios que la entidad pone a disposici\u00f3n de los profesionales de la industria tur\u00edstica, para la generaci\u00f3n de tours, eventos y congresos.<\/p>\n<p>En esta ocasi\u00f3n, la poblaci\u00f3n de Playa Azul disfrut\u00f3 de \u00a0la muestra fotogr\u00e1fica, art\u00edstica, gastron\u00f3mica y artesanal de las 7 regiones tur\u00edsticas del estado, as\u00ed como informaci\u00f3n de sus 8 Pueblos M\u00e1gicos, 5 Patrimonios UNESCO; \u00a0producci\u00f3n artesanal, tradiciones, ferias y festivales.<\/p>\n<p>Para incentivar el inter\u00e9s de los propios michoacanos, \u00a0la Caravana es al mismo tiempo un espacio para el esparcimiento que se suma a la feria de la Expo Arena 2013 con actividades art\u00edsticas, juegos interactivos con el p\u00fablico, entrega de souvenirs, presentaci\u00f3n de m\u00fasica popular contempor\u00e1nea y tradicional de Michoac\u00e1n, as\u00ed como danzas t\u00edpicas.<\/p>\n<p>El p\u00fablico interesado puede encontrar toda la informaci\u00f3n en la p\u00e1gina de la Secretar\u00eda de Turismo del Estado:\u00a0<a href=\"http:\/\/www.visitmichoacan.com.mx\/\" target=\"_blank\">www.visitmichoacan.com.mx<\/a>\u00a0o\u00a0en el tel\u00e9fono\u00a0<a href=\"tel:01%20800%20715%2025%2029\" target=\"_blank\">01 800 715 25 29<\/a>, donde tambi\u00e9n puede hacer sus reservaciones.<\/p>\n<p>&nbsp;<\/p>\n","protected":false},"excerpt":{"rendered":"<p>Con la Expo Arena como marco, habitantes de Playa Azul recibieron en la Plaza C\u00edvica la campa\u00f1a de promoci\u00f3n tur\u00edstica como parte de las actividades programadas para el festejo m\u00e1s importante del a\u00f1o.<\/p>\n","protected":false},"author":1,"featured_media":0,"comment_status":"open","ping_status":"open","sticky":false,"template":"","format":"standard","meta":{"footnotes":""},"categories":[14,3],"tags":[],"class_list":["post-4269","post","type-post","status-publish","format-standard","hentry","category-destacadas","category-gobierno-del-estado-de-michoacan"],"_links":{"self":[{"href":"https:\/\/radiowebmx.com\/nota\/wp-json\/wp\/v2\/posts\/4269","targetHints":{"allow":["GET"]}}],"collection":[{"href":"https:\/\/radiowebmx.com\/nota\/wp-json\/wp\/v2\/posts"}],"about":[{"href":"https:\/\/radiowebmx.com\/nota\/wp-json\/wp\/v2\/types\/post"}],"author":[{"embeddable":true,"href":"https:\/\/radiowebmx.com\/nota\/wp-json\/wp\/v2\/users\/1"}],"replies":[{"embeddable":true,"href":"https:\/\/radiowebmx.com\/nota\/wp-json\/wp\/v2\/comments?post=4269"}],"version-history":[{"count":3,"href":"https:\/\/radiowebmx.com\/nota\/wp-json\/wp\/v2\/posts\/4269\/revisions"}],"predecessor-version":[{"id":4272,"href":"https:\/\/radiowebmx.com\/nota\/wp-json\/wp\/v2\/posts\/4269\/revisions\/4272"}],"wp:attachment":[{"href":"https:\/\/radiowebmx.com\/nota\/wp-json\/wp\/v2\/media?parent=4269"}],"wp:term":[{"taxonomy":"category","embeddable":true,"href":"https:\/\/radiowebmx.com\/nota\/wp-json\/wp\/v2\/categories?post=4269"},{"taxonomy":"post_tag","embeddable":true,"href":"https:\/\/radiowebmx.com\/nota\/wp-json\/wp\/v2\/tags?post=4269"}],"curies":[{"name":"wp","href":"https:\/\/api.w.org\/{rel}","templated":true}]}}