{"id":42682,"date":"2017-08-22T15:27:10","date_gmt":"2017-08-22T20:27:10","guid":{"rendered":"https:\/\/radiowebmx.com\/nota\/?p=42682"},"modified":"2017-08-23T10:41:01","modified_gmt":"2017-08-23T15:41:01","slug":"invita-iam-al-concurso-artesanal-de-cuanajo","status":"publish","type":"post","link":"https:\/\/radiowebmx.com\/nota\/invita-iam-al-concurso-artesanal-de-cuanajo\/","title":{"rendered":"Invita IAM al concurso artesanal de Cuanajo"},"content":{"rendered":"<p><a href=\"https:\/\/radiowebmx.com\/nota\/wp-content\/uploads\/2017\/08\/31d9185c-6cc2-42f0-b37d-094054a9f6ab.jpg\"><img loading=\"lazy\" decoding=\"async\" class=\"alignnone  wp-image-42683\" src=\"https:\/\/radiowebmx.com\/nota\/wp-content\/uploads\/2017\/08\/31d9185c-6cc2-42f0-b37d-094054a9f6ab-595x446.jpg\" alt=\"\" width=\"399\" height=\"300\" srcset=\"https:\/\/radiowebmx.com\/nota\/wp-content\/uploads\/2017\/08\/31d9185c-6cc2-42f0-b37d-094054a9f6ab-595x446.jpg 595w, https:\/\/radiowebmx.com\/nota\/wp-content\/uploads\/2017\/08\/31d9185c-6cc2-42f0-b37d-094054a9f6ab-768x576.jpg 768w, https:\/\/radiowebmx.com\/nota\/wp-content\/uploads\/2017\/08\/31d9185c-6cc2-42f0-b37d-094054a9f6ab-960x720.jpg 960w, https:\/\/radiowebmx.com\/nota\/wp-content\/uploads\/2017\/08\/31d9185c-6cc2-42f0-b37d-094054a9f6ab.jpg 1736w\" sizes=\"auto, (max-width: 399px) 100vw, 399px\" \/><\/a><\/p>\n<ul>\n<li><strong>Se llevar\u00e1 a cabo los d\u00edas 2 y 3 de septiembre; se entregar\u00e1n 120 mil pesos en premios, anuncia el director general de la dependencia estatal, Claudio M\u00e9ndez Fern\u00e1ndez.<\/strong><\/li>\n<\/ul>\n<p><strong>Morelia, Michoac\u00e1n, a 22 de agosto de 2017.-<\/strong>\u00a0El Instituto del Artesano Michoacano (IAM), en coordinaci\u00f3n con el Fondo Nacional para el Fomento de las Artesan\u00edas (Fonart), el Ayuntamiento de P\u00e1tzcuaro y las autoridades comunales de Cuanajo, realizar\u00e1n el XXXIV Concurso Artesanal de Muebles tradicionales, Textiles de Patakua y Bordado.<\/p>\n<p>El director general del IAM, Claudio M\u00e9ndez Fern\u00e1ndez, destac\u00f3 que en el certamen -que se llevar\u00e1 a cabo del 2 al 3 de septiembre en esa comunidad del municipio de P\u00e1tzcuaro-, se entregar\u00e1n 33 premios por un monto de 120 mil pesos para las y los artesanos ganadores en las ramas de madera y textil.<\/p>\n<p>Detall\u00f3 que el 1 de septiembre ser\u00e1 la inscripci\u00f3n y calificaci\u00f3n de las piezas, y los d\u00edas 2 y 3 se tendr\u00e1n en exposici\u00f3n y venta las piezas participantes y ganadoras en la Jefatura de Tenencia de esta la localidad, para las y los turistas nacionales y extranjeros que visiten este lugar.<\/p>\n<p>&nbsp;<\/p>\n<p>&nbsp;<\/p>\n<p><a href=\"https:\/\/radiowebmx.com\/nota\/wp-content\/uploads\/2017\/08\/471eeed3-fa08-48ca-bebf-185d9821f876.jpg\"><img loading=\"lazy\" decoding=\"async\" class=\"alignnone  wp-image-42685\" src=\"https:\/\/radiowebmx.com\/nota\/wp-content\/uploads\/2017\/08\/471eeed3-fa08-48ca-bebf-185d9821f876-595x793.jpg\" alt=\"\" width=\"400\" height=\"533\" srcset=\"https:\/\/radiowebmx.com\/nota\/wp-content\/uploads\/2017\/08\/471eeed3-fa08-48ca-bebf-185d9821f876-595x793.jpg 595w, https:\/\/radiowebmx.com\/nota\/wp-content\/uploads\/2017\/08\/471eeed3-fa08-48ca-bebf-185d9821f876-480x640.jpg 480w, https:\/\/radiowebmx.com\/nota\/wp-content\/uploads\/2017\/08\/471eeed3-fa08-48ca-bebf-185d9821f876-768x1024.jpg 768w, https:\/\/radiowebmx.com\/nota\/wp-content\/uploads\/2017\/08\/471eeed3-fa08-48ca-bebf-185d9821f876-960x1280.jpg 960w, https:\/\/radiowebmx.com\/nota\/wp-content\/uploads\/2017\/08\/471eeed3-fa08-48ca-bebf-185d9821f876.jpg 1302w\" sizes=\"auto, (max-width: 400px) 100vw, 400px\" \/><\/a><\/p>\n<p>&nbsp;<\/p>\n<p>Refiri\u00f3 que con este concurso inician las actividades del mes de septiembre, durante el cual el IAM realizar\u00e1 nueve concursos artesanales, en\u00a0San Fe de la Laguna, Sahuayo, Ahuir\u00e1n, San Juan Nuevo, Tzirio, Aranza, San Miguel Nocutzepo y San Jer\u00f3nimo Purench\u00e9cuaro.<\/p>\n<p>De su lado, el jefe de Tenencia, Efra\u00edn Ju\u00e1rez Vega, agradeci\u00f3 a los gobiernos Federal y Estatal el apoyo brindado para llevar a cabo el concurso de Cuanajo, donde existen m\u00e1s de 700 talleres artesanales.<\/p>\n<p>Por su parte, H\u00e9ctor Morales Juanpedro y \u00c1ngel Cuin Ju\u00e1rez, artesanos del comit\u00e9 organizador, invitaron al p\u00fablico en general y a los amantes del arte popular a asistir al concurso y comprar de manera directa los muebles y el textil que preparan de manera especial los art\u00edfices de esta comunidad.<\/p>\n<p>En tanto, Pedro Custodio Casimiro, tambi\u00e9n integrante del comit\u00e9 organizador, invit\u00f3 a visitar los talleres artesanales para conocer los procesos de producci\u00f3n, pues de esta manera se concientiza sobre la importancia de pagar un precio justo por las piezas.<\/p>\n<p>Por \u00faltimo, la artesana Mar\u00eda Natividad Garc\u00eda Nolasco reiter\u00f3 la invitaci\u00f3n a visitar esta localidad y adquirir la artesan\u00eda que ah\u00ed se elabora.<\/p>\n","protected":false},"excerpt":{"rendered":"<p>Se llevar\u00e1 a cabo los d\u00edas 2 y 3 de septiembre; se entregar\u00e1n 120 mil pesos en premios, anuncia el director general de la dependencia estatal, Claudio M\u00e9ndez Fern\u00e1ndez. Morelia, Michoac\u00e1n, a 22 de agosto de 2017.-\u00a0El Instituto del Artesano Michoacano (IAM), en coordinaci\u00f3n con el Fondo Nacional para el Fomento de las Artesan\u00edas (Fonart), [&hellip;]<\/p>\n","protected":false},"author":2,"featured_media":42684,"comment_status":"closed","ping_status":"closed","sticky":false,"template":"","format":"standard","meta":{"footnotes":""},"categories":[14,3,60],"tags":[],"class_list":["post-42682","post","type-post","status-publish","format-standard","has-post-thumbnail","hentry","category-destacadas","category-gobierno-del-estado-de-michoacan","category-michoacan"],"_links":{"self":[{"href":"https:\/\/radiowebmx.com\/nota\/wp-json\/wp\/v2\/posts\/42682","targetHints":{"allow":["GET"]}}],"collection":[{"href":"https:\/\/radiowebmx.com\/nota\/wp-json\/wp\/v2\/posts"}],"about":[{"href":"https:\/\/radiowebmx.com\/nota\/wp-json\/wp\/v2\/types\/post"}],"author":[{"embeddable":true,"href":"https:\/\/radiowebmx.com\/nota\/wp-json\/wp\/v2\/users\/2"}],"replies":[{"embeddable":true,"href":"https:\/\/radiowebmx.com\/nota\/wp-json\/wp\/v2\/comments?post=42682"}],"version-history":[{"count":1,"href":"https:\/\/radiowebmx.com\/nota\/wp-json\/wp\/v2\/posts\/42682\/revisions"}],"predecessor-version":[{"id":42686,"href":"https:\/\/radiowebmx.com\/nota\/wp-json\/wp\/v2\/posts\/42682\/revisions\/42686"}],"wp:featuredmedia":[{"embeddable":true,"href":"https:\/\/radiowebmx.com\/nota\/wp-json\/wp\/v2\/media\/42684"}],"wp:attachment":[{"href":"https:\/\/radiowebmx.com\/nota\/wp-json\/wp\/v2\/media?parent=42682"}],"wp:term":[{"taxonomy":"category","embeddable":true,"href":"https:\/\/radiowebmx.com\/nota\/wp-json\/wp\/v2\/categories?post=42682"},{"taxonomy":"post_tag","embeddable":true,"href":"https:\/\/radiowebmx.com\/nota\/wp-json\/wp\/v2\/tags?post=42682"}],"curies":[{"name":"wp","href":"https:\/\/api.w.org\/{rel}","templated":true}]}}