{"id":42672,"date":"2017-08-22T15:57:41","date_gmt":"2017-08-22T20:57:41","guid":{"rendered":"https:\/\/radiowebmx.com\/nota\/?p=42672"},"modified":"2017-08-23T10:36:23","modified_gmt":"2017-08-23T15:36:23","slug":"constituye-ayuntamiento-de-morelia-consejo-juvenil-municipal-con-perfil-cien-por-ciento-ciudadano","status":"publish","type":"post","link":"https:\/\/radiowebmx.com\/nota\/constituye-ayuntamiento-de-morelia-consejo-juvenil-municipal-con-perfil-cien-por-ciento-ciudadano\/","title":{"rendered":"Constituye Ayuntamiento de Morelia Consejo Juvenil Municipal con perfil cien por ciento ciudadano"},"content":{"rendered":"<p><a href=\"https:\/\/radiowebmx.com\/nota\/wp-content\/uploads\/2017\/08\/4f342a63-dcd3-4eef-bb97-3c7c49843721.jpeg\"><img loading=\"lazy\" decoding=\"async\" class=\"alignnone  wp-image-42674\" src=\"https:\/\/radiowebmx.com\/nota\/wp-content\/uploads\/2017\/08\/4f342a63-dcd3-4eef-bb97-3c7c49843721-595x396.jpeg\" alt=\"\" width=\"400\" height=\"266\" srcset=\"https:\/\/radiowebmx.com\/nota\/wp-content\/uploads\/2017\/08\/4f342a63-dcd3-4eef-bb97-3c7c49843721-595x396.jpeg 595w, https:\/\/radiowebmx.com\/nota\/wp-content\/uploads\/2017\/08\/4f342a63-dcd3-4eef-bb97-3c7c49843721-768x511.jpeg 768w, https:\/\/radiowebmx.com\/nota\/wp-content\/uploads\/2017\/08\/4f342a63-dcd3-4eef-bb97-3c7c49843721-960x639.jpeg 960w, https:\/\/radiowebmx.com\/nota\/wp-content\/uploads\/2017\/08\/4f342a63-dcd3-4eef-bb97-3c7c49843721-272x182.jpeg 272w, https:\/\/radiowebmx.com\/nota\/wp-content\/uploads\/2017\/08\/4f342a63-dcd3-4eef-bb97-3c7c49843721.jpeg 1280w\" sizes=\"auto, (max-width: 400px) 100vw, 400px\" \/><\/a><\/p>\n<ul>\n<li><strong>Su principal objetivo ser\u00e1 participar en la generaci\u00f3n de programas y pol\u00edticas p\u00fablicas que ayuden directamente a atender sus necesidades.<\/strong><\/li>\n<\/ul>\n<p>&nbsp;<\/p>\n<p>Uno de los principales prop\u00f3sitos con la integraci\u00f3n del Consejo Juvenil Municipal, es atender sin distingos las demandas de este sector poblacional, a trav\u00e9s de las propuestas que los 17 nuevos integrantes abonar\u00e1n al desarrollo del municipio en temas que contribuyan a la atenci\u00f3n de las necesidades puntuales de los j\u00f3venes.<\/p>\n<p>En este sentido, el Alcalde, Alfonso Mart\u00ednez Alc\u00e1zar, tom\u00f3 protesta a quienes formar\u00e1n parte de este \u00f3rgano consultivo, a los cuales refiri\u00f3 que fueron elegidos por su trayectoria y trabajo a favor de Morelia, adem\u00e1s de destacar que en la conformaci\u00f3n de este Consejo se aplicaron estrategias para que ninguno de sus miembros represente a un partido pol\u00edtico, buscando as\u00ed constituir un organismo totalmente ciudadano.<\/p>\n<p>Mart\u00ednez Alc\u00e1zar, se\u00f1al\u00f3 que el sector juvenil no es sin\u00f3nimo de inexperiencia sino de buenas ideas, talento, innovaci\u00f3n, lo cual requiere la ciudad y que ese trabajo permee en beneficio de todos los morelianos.<\/p>\n<p>\u201cEn el Consejo Juvenil nos interesa que puedan participar, que puedan aportar ideas, ustedes que viven en un sector de la poblaci\u00f3n sumamente representativo e importante y que nos pueden decir muchas cosas que no vemos, porque estamos en una din\u00e1mica distinta\u201d, destac\u00f3.<br \/>\n&nbsp;<\/p>\n<p><a href=\"https:\/\/radiowebmx.com\/nota\/wp-content\/uploads\/2017\/08\/29239957-d241-4570-9ee1-aa15c82c7140.jpeg\"><img loading=\"lazy\" decoding=\"async\" class=\"alignnone  wp-image-42675\" src=\"https:\/\/radiowebmx.com\/nota\/wp-content\/uploads\/2017\/08\/29239957-d241-4570-9ee1-aa15c82c7140-595x396.jpeg\" alt=\"\" width=\"398\" height=\"265\" srcset=\"https:\/\/radiowebmx.com\/nota\/wp-content\/uploads\/2017\/08\/29239957-d241-4570-9ee1-aa15c82c7140-595x396.jpeg 595w, https:\/\/radiowebmx.com\/nota\/wp-content\/uploads\/2017\/08\/29239957-d241-4570-9ee1-aa15c82c7140-768x511.jpeg 768w, https:\/\/radiowebmx.com\/nota\/wp-content\/uploads\/2017\/08\/29239957-d241-4570-9ee1-aa15c82c7140-960x639.jpeg 960w, https:\/\/radiowebmx.com\/nota\/wp-content\/uploads\/2017\/08\/29239957-d241-4570-9ee1-aa15c82c7140-272x182.jpeg 272w, https:\/\/radiowebmx.com\/nota\/wp-content\/uploads\/2017\/08\/29239957-d241-4570-9ee1-aa15c82c7140.jpeg 1280w\" sizes=\"auto, (max-width: 398px) 100vw, 398px\" \/><\/a><\/p>\n<p>&nbsp;<\/p>\n<p>Al mismo tiempo, reconoci\u00f3 la labor de los ex consejeros, expres\u00f3 a los nuevos integrantes que tendr\u00e1n esta misma responsabilidad durante 3 a\u00f1os, para que mediante sus propuestas construyan pol\u00edticas p\u00fablicas a favor de la juventud moreliana.<\/p>\n<p>Incluso, se\u00f1al\u00f3 que el Consejo Juvenil Municipal permite al Gobierno Municipal elaborar programas y proyectos enfocados a las principales necesidades de los j\u00f3venes, de ah\u00ed radica la importancia de cada integrante de este \u00f3rgano.<\/p>\n<p>Por su parte, el encargado de despacho del Instituto de la Juventud Moreliana, Juan Pablo Motilla Zarur, asegur\u00f3 que el Consejo es un organismo ciudadano de consulta, que promueve pol\u00edticas p\u00fablicas en materia de juventud.<\/p>\n<p>Destac\u00f3 que con la renovaci\u00f3n de los 17 nuevos integrantes el Consejo, se trascienden Administraciones Municipales lo cual repercute en el seguimiento a las labores que desde el Ayuntamiento de Morelia y el IJUM, se realizan en beneficio de los j\u00f3venes morelianos.<\/p>\n<p>A la par, el Regidor y coordinador de la Comisi\u00f3n de la Mujer, Juventud y Deporte, F\u00e9lix Madrigal Pulido invit\u00f3 a los j\u00f3venes a trabajar de manera cercana al Cabildo a trav\u00e9s de sus diferentes \u00e1reas, al destacar que \u201clas puertas est\u00e1n abiertas en la Comisi\u00f3n que preside\u201d.<\/p>\n<p>Madrigal Pulido confi\u00f3 en que la labor de los nuevos consejeros juveniles municipales, abonar\u00e1 a nutrir el trabajo que realiza el Ayuntamiento de Morelia a favor de este sector de la poblaci\u00f3n.<\/p>\n<p>Finalmente, el Presidente del Consejo Juvenil Municipal, Leo Iztcoatl C\u00f3rdova Ch\u00e1vez, afirm\u00f3 que en M\u00e9xico existen m\u00e1s de 30 millones de j\u00f3venes, de los cuales poco m\u00e1s de 25 millones pueden ejercer el voto y el 75 por ciento no se sienten identificados con los gobernantes ni partidos pol\u00edticos, en este sentido alert\u00f3 de una crisis que aqueja a este sector.<\/p>\n<p>Ante este panorama, agradeci\u00f3 la oportunidad que se abre desde el Gobierno Municipal que encabeza el Alcalde, Alfonso Mart\u00ednez Alc\u00e1zar, para aportar y conjuntar esfuerzos, adem\u00e1s de hacer sinergia con el trabajo colaborativo y sustentable entre la sociedad y la juventud.<\/p>\n<p>C\u00f3rdova Ch\u00e1vez, tomo el compromiso de apoyar y atender las necesidades de los j\u00f3venes morelianos \u201cpor el bien de todos, primero los j\u00f3venes\u201d, finaliz\u00f3.<\/p>\n","protected":false},"excerpt":{"rendered":"<p>Su principal objetivo ser\u00e1 participar en la generaci\u00f3n de programas y pol\u00edticas p\u00fablicas que ayuden directamente a atender sus necesidades. &nbsp; Uno de los principales prop\u00f3sitos con la integraci\u00f3n del Consejo Juvenil Municipal, es atender sin distingos las demandas de este sector poblacional, a trav\u00e9s de las propuestas que los 17 nuevos integrantes abonar\u00e1n al [&hellip;]<\/p>\n","protected":false},"author":2,"featured_media":42673,"comment_status":"closed","ping_status":"closed","sticky":false,"template":"","format":"standard","meta":{"footnotes":""},"categories":[14,60,9],"tags":[],"class_list":["post-42672","post","type-post","status-publish","format-standard","has-post-thumbnail","hentry","category-destacadas","category-michoacan","category-morelia"],"_links":{"self":[{"href":"https:\/\/radiowebmx.com\/nota\/wp-json\/wp\/v2\/posts\/42672","targetHints":{"allow":["GET"]}}],"collection":[{"href":"https:\/\/radiowebmx.com\/nota\/wp-json\/wp\/v2\/posts"}],"about":[{"href":"https:\/\/radiowebmx.com\/nota\/wp-json\/wp\/v2\/types\/post"}],"author":[{"embeddable":true,"href":"https:\/\/radiowebmx.com\/nota\/wp-json\/wp\/v2\/users\/2"}],"replies":[{"embeddable":true,"href":"https:\/\/radiowebmx.com\/nota\/wp-json\/wp\/v2\/comments?post=42672"}],"version-history":[{"count":1,"href":"https:\/\/radiowebmx.com\/nota\/wp-json\/wp\/v2\/posts\/42672\/revisions"}],"predecessor-version":[{"id":42676,"href":"https:\/\/radiowebmx.com\/nota\/wp-json\/wp\/v2\/posts\/42672\/revisions\/42676"}],"wp:featuredmedia":[{"embeddable":true,"href":"https:\/\/radiowebmx.com\/nota\/wp-json\/wp\/v2\/media\/42673"}],"wp:attachment":[{"href":"https:\/\/radiowebmx.com\/nota\/wp-json\/wp\/v2\/media?parent=42672"}],"wp:term":[{"taxonomy":"category","embeddable":true,"href":"https:\/\/radiowebmx.com\/nota\/wp-json\/wp\/v2\/categories?post=42672"},{"taxonomy":"post_tag","embeddable":true,"href":"https:\/\/radiowebmx.com\/nota\/wp-json\/wp\/v2\/tags?post=42672"}],"curies":[{"name":"wp","href":"https:\/\/api.w.org\/{rel}","templated":true}]}}