{"id":42667,"date":"2017-08-22T16:43:27","date_gmt":"2017-08-22T21:43:27","guid":{"rendered":"https:\/\/radiowebmx.com\/nota\/?p=42667"},"modified":"2017-08-23T10:33:33","modified_gmt":"2017-08-23T15:33:33","slug":"reconoce-alfonso-martinez-labor-de-cuerpo-de-bomberos-de-morelia","status":"publish","type":"post","link":"https:\/\/radiowebmx.com\/nota\/reconoce-alfonso-martinez-labor-de-cuerpo-de-bomberos-de-morelia\/","title":{"rendered":"Reconoce Alfonso Mart\u00ednez labor de cuerpo de Bomberos de Morelia"},"content":{"rendered":"<p><a href=\"https:\/\/radiowebmx.com\/nota\/wp-content\/uploads\/2017\/08\/ed57e1ca-73ba-4e43-a4bb-37887672e610.jpg\"><img loading=\"lazy\" decoding=\"async\" class=\"alignnone  wp-image-42669\" src=\"https:\/\/radiowebmx.com\/nota\/wp-content\/uploads\/2017\/08\/ed57e1ca-73ba-4e43-a4bb-37887672e610-595x396.jpg\" alt=\"\" width=\"400\" height=\"266\" srcset=\"https:\/\/radiowebmx.com\/nota\/wp-content\/uploads\/2017\/08\/ed57e1ca-73ba-4e43-a4bb-37887672e610-595x396.jpg 595w, https:\/\/radiowebmx.com\/nota\/wp-content\/uploads\/2017\/08\/ed57e1ca-73ba-4e43-a4bb-37887672e610-768x511.jpg 768w, https:\/\/radiowebmx.com\/nota\/wp-content\/uploads\/2017\/08\/ed57e1ca-73ba-4e43-a4bb-37887672e610-960x639.jpg 960w, https:\/\/radiowebmx.com\/nota\/wp-content\/uploads\/2017\/08\/ed57e1ca-73ba-4e43-a4bb-37887672e610-272x182.jpg 272w, https:\/\/radiowebmx.com\/nota\/wp-content\/uploads\/2017\/08\/ed57e1ca-73ba-4e43-a4bb-37887672e610.jpg 1280w\" sizes=\"auto, (max-width: 400px) 100vw, 400px\" \/><\/a><\/p>\n<p>&nbsp;<\/p>\n<ul>\n<li><strong>El Presidente Municipal encabez\u00f3 este martes la ceremonia conmemorativa al 144 aniversario del D\u00eda del Bombero.<\/strong><\/li>\n<li><strong>El Alcalde hizo entrega de 20 nuevos uniformes y 2 bombas de aire.<\/strong><\/li>\n<\/ul>\n<p>Con la firme convicci\u00f3n de continuar buscando estrategias para mejorar las condiciones de trabajo de los Bomberos de la capital michoacana y consiente de la importante y noble labor que realizan d\u00eda a d\u00eda para garantizar la seguridad de la ciudadan\u00eda, el Presidente Municipal de Morelia, Alfonso Mart\u00ednez Alc\u00e1zar, encabez\u00f3 este martes la ceremonia del CLXIV Aniversario del D\u00eda Nacional del Bombero, celebrado este 22 de agosto.<\/p>\n<p>Acompa\u00f1ado por el S\u00edndico Municipal, Fabio Sistos Rangel; el Coordinador de Protecci\u00f3n Civil y Bomberos de Morelia, Eduardo Ram\u00edrez Canals; el Secretario de Administraci\u00f3n Municipal, Yankel Ben\u00edtez Silva y los integrantes del Cuerpo de Bomberos de la hermana ciudad de Monterrey, Alfonso Mart\u00ednez, se mostr\u00f3 complacido de reconocer el servicio altruista de los elementos de la corporaci\u00f3n, y dijo que esta fecha supone un parteaguas para el mejoramiento de las condiciones de los mismos, argumento que reforz\u00f3 con la entrega de 20 equipos integrales que incluyen uniforme, botas y casco, adem\u00e1s de 2 bombas de aire para incendios.<\/p>\n<p>\u201cSabemos que tienen un ingreso limitado y tenemos que revisar c\u00f3mo mejorarlo, sabemos tambi\u00e9n que su equipo ya era obsoleto, por eso hoy hacemos este esfuerzo por entregar este equipo pues tenemos que ver de qu\u00e9 forma garantizar la seguridad de las personas que todos los d\u00edas arriesgan su vida por los morelianos\u201d, manifest\u00f3.<\/p>\n<p>Con experiencia como ex integrante del cuerpo de bomberos, el Alcalde se dijo agradecido adem\u00e1s por el apoyo que se ha recibido por parte de los elementos de Monterrey Park, agregando que de los hermanamientos con otras ciudades se han obtenido generosas ayudas, como camiones, que durante a\u00f1os se han usado en beneficio de los morelianos.<br \/>\n<a href=\"https:\/\/radiowebmx.com\/nota\/wp-content\/uploads\/2017\/08\/a4ad044d-a633-4c6b-977c-9826b5b446e3.jpg\"><img loading=\"lazy\" decoding=\"async\" class=\"alignnone  wp-image-42670\" src=\"https:\/\/radiowebmx.com\/nota\/wp-content\/uploads\/2017\/08\/a4ad044d-a633-4c6b-977c-9826b5b446e3-595x396.jpg\" alt=\"\" width=\"401\" height=\"268\" srcset=\"https:\/\/radiowebmx.com\/nota\/wp-content\/uploads\/2017\/08\/a4ad044d-a633-4c6b-977c-9826b5b446e3-595x396.jpg 595w, https:\/\/radiowebmx.com\/nota\/wp-content\/uploads\/2017\/08\/a4ad044d-a633-4c6b-977c-9826b5b446e3-768x511.jpg 768w, https:\/\/radiowebmx.com\/nota\/wp-content\/uploads\/2017\/08\/a4ad044d-a633-4c6b-977c-9826b5b446e3-960x639.jpg 960w, https:\/\/radiowebmx.com\/nota\/wp-content\/uploads\/2017\/08\/a4ad044d-a633-4c6b-977c-9826b5b446e3-272x182.jpg 272w, https:\/\/radiowebmx.com\/nota\/wp-content\/uploads\/2017\/08\/a4ad044d-a633-4c6b-977c-9826b5b446e3.jpg 1280w\" sizes=\"auto, (max-width: 401px) 100vw, 401px\" \/><\/a><\/p>\n<p>&nbsp;<\/p>\n<p>En su oportunidad, el Coordinador de Protecci\u00f3n Civil y Bomberos de Morelia, Eduardo Ram\u00edrez Canals, enlist\u00f3 las acciones que d\u00eda a d\u00eda realizan los integrantes del cuerpo de bomberos, que van desde el ingreso a un edificio en llamas, la extinci\u00f3n de una explosi\u00f3n, hasta la atenci\u00f3n de encharcamientos e inundaciones, en las cuales el objetivo principal es el de salvaguardar vidas, bienes y el medio ambiente.<\/p>\n<p>Felicit\u00f3 de manera firme al cuerpo de Bomberos de Morelia y agradeci\u00f3 a las autoridades municipales por el incesante apoyo hacia esta importante fuerza.<\/p>\n<p>Por su parte, el Secretario de Administraci\u00f3n, Yankel Ben\u00edtez Silva, reconoci\u00f3 vehementemente a las familias de los bomberos de Morelia y les record\u00f3 que en la Administraci\u00f3n Municipal tienen un aliado que privilegiar\u00e1 el sentido del deber y que por ello, se ha regularizado el estatus laboral de cada uno de los elementos de Protecci\u00f3n Civil y Bomberos de Morelia, para mejorar sus ingresos.<\/p>\n<p>Cabe destacar que el 22 de agosto de 1873 en el Puerto de Veracruz, se cre\u00f3 el primer cuerpo de Bomberos de M\u00e9xico, mismos que surgieron para hacer frente a las llamas que azotaban a aquella ciudad, y que recibieron tal nombre debido a la acci\u00f3n de sacar el agua de pozos y r\u00edos por medio de bombas.<\/p>\n<p>En el mismo d\u00eda pero de 1951, a partir de un decreto Presidencial, se empez\u00f3 a conmemorar el D\u00eda Nacional del Bombero.<\/p>\n<p>&nbsp;<\/p>\n","protected":false},"excerpt":{"rendered":"<p>&nbsp; El Presidente Municipal encabez\u00f3 este martes la ceremonia conmemorativa al 144 aniversario del D\u00eda del Bombero. El Alcalde hizo entrega de 20 nuevos uniformes y 2 bombas de aire. Con la firme convicci\u00f3n de continuar buscando estrategias para mejorar las condiciones de trabajo de los Bomberos de la capital michoacana y consiente de la [&hellip;]<\/p>\n","protected":false},"author":2,"featured_media":42668,"comment_status":"closed","ping_status":"closed","sticky":false,"template":"","format":"standard","meta":{"footnotes":""},"categories":[14,60,9],"tags":[],"class_list":["post-42667","post","type-post","status-publish","format-standard","has-post-thumbnail","hentry","category-destacadas","category-michoacan","category-morelia"],"_links":{"self":[{"href":"https:\/\/radiowebmx.com\/nota\/wp-json\/wp\/v2\/posts\/42667","targetHints":{"allow":["GET"]}}],"collection":[{"href":"https:\/\/radiowebmx.com\/nota\/wp-json\/wp\/v2\/posts"}],"about":[{"href":"https:\/\/radiowebmx.com\/nota\/wp-json\/wp\/v2\/types\/post"}],"author":[{"embeddable":true,"href":"https:\/\/radiowebmx.com\/nota\/wp-json\/wp\/v2\/users\/2"}],"replies":[{"embeddable":true,"href":"https:\/\/radiowebmx.com\/nota\/wp-json\/wp\/v2\/comments?post=42667"}],"version-history":[{"count":1,"href":"https:\/\/radiowebmx.com\/nota\/wp-json\/wp\/v2\/posts\/42667\/revisions"}],"predecessor-version":[{"id":42671,"href":"https:\/\/radiowebmx.com\/nota\/wp-json\/wp\/v2\/posts\/42667\/revisions\/42671"}],"wp:featuredmedia":[{"embeddable":true,"href":"https:\/\/radiowebmx.com\/nota\/wp-json\/wp\/v2\/media\/42668"}],"wp:attachment":[{"href":"https:\/\/radiowebmx.com\/nota\/wp-json\/wp\/v2\/media?parent=42667"}],"wp:term":[{"taxonomy":"category","embeddable":true,"href":"https:\/\/radiowebmx.com\/nota\/wp-json\/wp\/v2\/categories?post=42667"},{"taxonomy":"post_tag","embeddable":true,"href":"https:\/\/radiowebmx.com\/nota\/wp-json\/wp\/v2\/tags?post=42667"}],"curies":[{"name":"wp","href":"https:\/\/api.w.org\/{rel}","templated":true}]}}