{"id":4266,"date":"2013-10-28T10:23:09","date_gmt":"2013-10-28T16:23:09","guid":{"rendered":"https:\/\/radiowebmx.com\/nota\/?p=4266"},"modified":"2013-10-28T10:23:09","modified_gmt":"2013-10-28T16:23:09","slug":"anuncia-sepsol-campana-10-dias-contigo","status":"publish","type":"post","link":"https:\/\/radiowebmx.com\/nota\/anuncia-sepsol-campana-10-dias-contigo\/","title":{"rendered":"ANUNCIA SEPSOL CAMPA\u00d1A \u201c10 D\u00cdAS CONTIGO\u201d"},"content":{"rendered":"<p><a href=\"https:\/\/radiowebmx.com\/nota\/wp-content\/uploads\/2013\/10\/SEPSOL-3.jpg\"><img loading=\"lazy\" decoding=\"async\" class=\"alignleft size-full wp-image-4267\" alt=\"SEPSOL (3)\" src=\"https:\/\/radiowebmx.com\/nota\/wp-content\/uploads\/2013\/10\/SEPSOL-3.jpg\" width=\"591\" height=\"262\" \/><\/a>Como parte de los esfuerzos para disminuir el n\u00famero de muertes en mujeres a causa del c\u00e1ncer de mama, este lunes la Secretar\u00eda de Pol\u00edtica Social arranca la campa\u00f1a \u201c10 D\u00edas Contigo\u201d, que tendr\u00e1 lugar los d\u00edas 28, 29 y 30 de octubre en la Plaza Jard\u00edn Morelos de esta ciudad capital.<\/p>\n<p>Esta campa\u00f1a, cuyo arranque oficial se prev\u00e9 sea presidido por la presidenta del DIF Michoac\u00e1n, Patricia Mora de Vallejo, tiene como finalidad concientizar a las mujeres en la detecci\u00f3n y atenci\u00f3n oportuna de dicho padecimiento y se realiza precisamente en octubre, que es identificado como el mes de Lucha Contra el C\u00e1ncer de Mama.<\/p>\n<p>Previo a esta campa\u00f1a y en aras de capacitar a todas las trabajadoras de la Sepsol que colaborar\u00e1n en esta jornada, Rodrigo Maldonado L\u00f3pez, secretario de Pol\u00edtica Social, ofreci\u00f3 una conferencia sobre el c\u00e1ncer a las mujeres que laboran en la dependencia, en que asegur\u00f3 que 10 D\u00edas Contigo representa una cadena de favores para que las michoacanas se comprometan a realizarse estudios cl\u00ednicos de mastograf\u00eda y papanicolau para prevenir y, en su caso, atender a tiempo este tipo de enfermedades.<\/p>\n<p>\u201cEsta campa\u00f1a que pretende llegar a 50 mil personas, consiste en otorgar a cada mujer una pulsera de color rosa, misma que al realizarse la portadora los estudios de mastograf\u00eda y\/o papanicolau, deber\u00e1 de ser pasada a 10 mujeres m\u00e1s para que acudan a checarse\u201d, explic\u00f3.<\/p>\n<p>Durante las fechas en que se llevar\u00e1 a cabo esta acci\u00f3n, dijo, se instalar\u00e1n unidades m\u00f3viles en las que las mujeres podr\u00e1n realizarse estudios o acudir a una consulta con m\u00e9dicos especialistas.<\/p>\n<p>Finalmente, el funcionario estatal exhort\u00f3 a las mujeres que laboran en la Sepsol para que acudan a examinarse con los m\u00e9dicos a fin de evitar futuras complicaciones en su salud.<\/p>\n<p>En tanto, la directora de Desarrollo de la Econom\u00eda Social de la Sepsol, Sheila Monta\u00f1o Mendoza, resalt\u00f3 la importancia de atender con oportunidad y prevenir a tiempo este tipo de padecimientos, e hizo un llamado para que crear y fomentar h\u00e1bitos de autocuidado y que sean replicados en la familia.<\/p>\n<p>&nbsp;<\/p>\n<p>Por su parte, el director de Dise\u00f1o y Evaluaci\u00f3n de Pol\u00edticas P\u00fablicas, El\u00edas Acosta \u00c1lvarez, se\u00f1al\u00f3 que a trav\u00e9s del programa estatal Contigo, Compromiso de Todos, que es operado por la Secretar\u00eda de Pol\u00edtica Social, el gobierno del estado otorga un certificado de seguro de hasta por 10 mil pesos para mujeres que sean diagnosticadas con c\u00e1ncer cervicouterino o de mama.<\/p>\n<p>&nbsp;<\/p>\n<p>&nbsp;<\/p>\n<p>Para ser beneficiaria, coment\u00f3, se deber\u00e1 contar con una tarjeta que le asignar\u00e1 un n\u00famero o clave de identificaci\u00f3n personal. La distribuci\u00f3n de estos pl\u00e1sticos se har\u00e1 de manera directa en los municipios o comunidades a los que acude personal de la Sepsol para entrevistar a los solicitantes y requisitar los formatos correspondientes.<\/p>\n<p>El programa brinda beneficios espec\u00edficos de asesor\u00eda, consultor\u00eda, apoyo y orientaci\u00f3n a la poblaci\u00f3n vulnerable, a trav\u00e9s de un Centro de Atenci\u00f3n Ciudadana, que opera v\u00eda telef\u00f3nica (01-800-266-84-46), mediante el cual se atienden las llamadas de la poblaci\u00f3n, las 24 horas y los 365 d\u00edas del a\u00f1o, sin costo alguno para el solicitante y con la opci\u00f3n de un traductor de idioma pur\u00e9pecha.<\/p>\n<p>&nbsp;<\/p>\n","protected":false},"excerpt":{"rendered":"<p>Como parte de los esfuerzos para disminuir el n\u00famero de muertes en mujeres a causa del c\u00e1ncer de mama, este lunes la Secretar\u00eda de Pol\u00edtica Social arranca la campa\u00f1a \u201c10 D\u00edas Contigo\u201d, que tendr\u00e1 lugar los d\u00edas 28, 29 y 30 de octubre en la Plaza Jard\u00edn Morelos de esta ciudad capital.<\/p>\n","protected":false},"author":1,"featured_media":0,"comment_status":"open","ping_status":"open","sticky":false,"template":"","format":"standard","meta":{"footnotes":""},"categories":[14,3],"tags":[],"class_list":["post-4266","post","type-post","status-publish","format-standard","hentry","category-destacadas","category-gobierno-del-estado-de-michoacan"],"_links":{"self":[{"href":"https:\/\/radiowebmx.com\/nota\/wp-json\/wp\/v2\/posts\/4266","targetHints":{"allow":["GET"]}}],"collection":[{"href":"https:\/\/radiowebmx.com\/nota\/wp-json\/wp\/v2\/posts"}],"about":[{"href":"https:\/\/radiowebmx.com\/nota\/wp-json\/wp\/v2\/types\/post"}],"author":[{"embeddable":true,"href":"https:\/\/radiowebmx.com\/nota\/wp-json\/wp\/v2\/users\/1"}],"replies":[{"embeddable":true,"href":"https:\/\/radiowebmx.com\/nota\/wp-json\/wp\/v2\/comments?post=4266"}],"version-history":[{"count":1,"href":"https:\/\/radiowebmx.com\/nota\/wp-json\/wp\/v2\/posts\/4266\/revisions"}],"predecessor-version":[{"id":4268,"href":"https:\/\/radiowebmx.com\/nota\/wp-json\/wp\/v2\/posts\/4266\/revisions\/4268"}],"wp:attachment":[{"href":"https:\/\/radiowebmx.com\/nota\/wp-json\/wp\/v2\/media?parent=4266"}],"wp:term":[{"taxonomy":"category","embeddable":true,"href":"https:\/\/radiowebmx.com\/nota\/wp-json\/wp\/v2\/categories?post=4266"},{"taxonomy":"post_tag","embeddable":true,"href":"https:\/\/radiowebmx.com\/nota\/wp-json\/wp\/v2\/tags?post=4266"}],"curies":[{"name":"wp","href":"https:\/\/api.w.org\/{rel}","templated":true}]}}