{"id":42645,"date":"2017-08-22T19:34:59","date_gmt":"2017-08-23T00:34:59","guid":{"rendered":"https:\/\/radiowebmx.com\/nota\/?p=42645"},"modified":"2017-08-23T10:17:24","modified_gmt":"2017-08-23T15:17:24","slug":"entrega-iifeem-mobiliario-y-equipamiento-a-primaria-de-ecuandureo","status":"publish","type":"post","link":"https:\/\/radiowebmx.com\/nota\/entrega-iifeem-mobiliario-y-equipamiento-a-primaria-de-ecuandureo\/","title":{"rendered":"Entrega IIFEEM mobiliario y equipamiento a Primaria de Ecuandureo"},"content":{"rendered":"<p><a href=\"https:\/\/radiowebmx.com\/nota\/wp-content\/uploads\/2017\/08\/bb37d3b2-3af2-4503-b2c9-3f4a872fc341.jpg\"><img loading=\"lazy\" decoding=\"async\" class=\"alignnone  wp-image-42647\" src=\"https:\/\/radiowebmx.com\/nota\/wp-content\/uploads\/2017\/08\/bb37d3b2-3af2-4503-b2c9-3f4a872fc341-595x368.jpg\" alt=\"\" width=\"399\" height=\"247\" srcset=\"https:\/\/radiowebmx.com\/nota\/wp-content\/uploads\/2017\/08\/bb37d3b2-3af2-4503-b2c9-3f4a872fc341-595x368.jpg 595w, https:\/\/radiowebmx.com\/nota\/wp-content\/uploads\/2017\/08\/bb37d3b2-3af2-4503-b2c9-3f4a872fc341-768x476.jpg 768w, https:\/\/radiowebmx.com\/nota\/wp-content\/uploads\/2017\/08\/bb37d3b2-3af2-4503-b2c9-3f4a872fc341-960x594.jpg 960w, https:\/\/radiowebmx.com\/nota\/wp-content\/uploads\/2017\/08\/bb37d3b2-3af2-4503-b2c9-3f4a872fc341.jpg 1250w\" sizes=\"auto, (max-width: 399px) 100vw, 399px\" \/><\/a><\/p>\n<p>&nbsp;<\/p>\n<p><strong>Ecuandureo, Michoac\u00e1n, a 22 de agosto de 2017.-\u00a0<\/strong>Con el objetivo de garantizar a la ni\u00f1ez espacios dignos y en atenci\u00f3n al compromiso del Gobernador Silvano Aureoles Conejo de brindar espacios id\u00f3neos y de calidad para el proceso de ense\u00f1anza-aprendizaje, la directora general del Instituto de la Infraestructura F\u00edsica Educativa del Estado de Michoac\u00e1n (IIFEEM), Mar\u00eda Guadalupe D\u00edaz Chagolla, entreg\u00f3 mobiliario y equipamiento en la Escuela Primaria \u201cFrancisco I. Madero\u201d, de la localidad La Soledad, en este municipio.<\/p>\n<p>La funcionaria estatal record\u00f3 que en d\u00edas pasados visit\u00f3 este plantel, el cual result\u00f3 con afectaciones por las lluvias, tanto en infraestructura como en mobiliario, por lo que asumi\u00f3 el compromiso de atender los da\u00f1os antes de que iniciara el ciclo escolar.<\/p>\n<p>\u201cEn Michoac\u00e1n estamos haciendo las cosas bien, por lo que ratificamos el compromiso del Gobernador Aureoles Conejo con las presentes y futuras generaciones trabajando para que la construcci\u00f3n, rehabilitaci\u00f3n y equipamiento de escuelas sea el impulso para generar mejores oportunidades para todos los estudiantes\u201d, expres\u00f3.<\/p>\n<p>Acompa\u00f1ada del alcalde Francisco Torres Ram\u00edrez, la directora general del IIFEEM entreg\u00f3 equipamiento para dos aulas, que consta de\u00a0sendos\u00a0muebles de guardado bajo, sillas apilables de pl\u00e1stico, pintarrones, mesas armables para maestro, computadoras de escritorio, video-proyectores, pantallas retr\u00e1ctiles, extinguidores, cestos met\u00e1licos y reguladores de energ\u00eda, as\u00ed como 40 mesa-bancos binarios.<\/p>\n<p>El presidente municipal agradeci\u00f3 el apoyo del IIFEEM y reconoci\u00f3 el trabajo del Gobierno del Estado para dignificar los espacios educativos; de igual manera, resalt\u00f3 que \u201ccon el trabajo entre los habitantes de la comunidad, el Gobierno del Estado y el Ayuntamiento, se logra avanzar m\u00e1s r\u00e1pido\u201d.<\/p>\n<p>&nbsp;<\/p>\n<p><a href=\"https:\/\/radiowebmx.com\/nota\/wp-content\/uploads\/2017\/08\/d7acfc5f-3c03-4d16-a5f4-45262d544bfa.jpg\"><img loading=\"lazy\" decoding=\"async\" class=\"alignnone  wp-image-42648\" src=\"https:\/\/radiowebmx.com\/nota\/wp-content\/uploads\/2017\/08\/d7acfc5f-3c03-4d16-a5f4-45262d544bfa-595x384.jpg\" alt=\"\" width=\"400\" height=\"258\" srcset=\"https:\/\/radiowebmx.com\/nota\/wp-content\/uploads\/2017\/08\/d7acfc5f-3c03-4d16-a5f4-45262d544bfa-595x384.jpg 595w, https:\/\/radiowebmx.com\/nota\/wp-content\/uploads\/2017\/08\/d7acfc5f-3c03-4d16-a5f4-45262d544bfa-768x495.jpg 768w, https:\/\/radiowebmx.com\/nota\/wp-content\/uploads\/2017\/08\/d7acfc5f-3c03-4d16-a5f4-45262d544bfa-960x619.jpg 960w, https:\/\/radiowebmx.com\/nota\/wp-content\/uploads\/2017\/08\/d7acfc5f-3c03-4d16-a5f4-45262d544bfa.jpg 1250w\" sizes=\"auto, (max-width: 400px) 100vw, 400px\" \/><\/a><\/p>\n","protected":false},"excerpt":{"rendered":"<p>&nbsp; Ecuandureo, Michoac\u00e1n, a 22 de agosto de 2017.-\u00a0Con el objetivo de garantizar a la ni\u00f1ez espacios dignos y en atenci\u00f3n al compromiso del Gobernador Silvano Aureoles Conejo de brindar espacios id\u00f3neos y de calidad para el proceso de ense\u00f1anza-aprendizaje, la directora general del Instituto de la Infraestructura F\u00edsica Educativa del Estado de Michoac\u00e1n (IIFEEM), [&hellip;]<\/p>\n","protected":false},"author":2,"featured_media":42646,"comment_status":"closed","ping_status":"closed","sticky":false,"template":"","format":"standard","meta":{"footnotes":""},"categories":[14,3,60],"tags":[],"class_list":["post-42645","post","type-post","status-publish","format-standard","has-post-thumbnail","hentry","category-destacadas","category-gobierno-del-estado-de-michoacan","category-michoacan"],"_links":{"self":[{"href":"https:\/\/radiowebmx.com\/nota\/wp-json\/wp\/v2\/posts\/42645","targetHints":{"allow":["GET"]}}],"collection":[{"href":"https:\/\/radiowebmx.com\/nota\/wp-json\/wp\/v2\/posts"}],"about":[{"href":"https:\/\/radiowebmx.com\/nota\/wp-json\/wp\/v2\/types\/post"}],"author":[{"embeddable":true,"href":"https:\/\/radiowebmx.com\/nota\/wp-json\/wp\/v2\/users\/2"}],"replies":[{"embeddable":true,"href":"https:\/\/radiowebmx.com\/nota\/wp-json\/wp\/v2\/comments?post=42645"}],"version-history":[{"count":1,"href":"https:\/\/radiowebmx.com\/nota\/wp-json\/wp\/v2\/posts\/42645\/revisions"}],"predecessor-version":[{"id":42649,"href":"https:\/\/radiowebmx.com\/nota\/wp-json\/wp\/v2\/posts\/42645\/revisions\/42649"}],"wp:featuredmedia":[{"embeddable":true,"href":"https:\/\/radiowebmx.com\/nota\/wp-json\/wp\/v2\/media\/42646"}],"wp:attachment":[{"href":"https:\/\/radiowebmx.com\/nota\/wp-json\/wp\/v2\/media?parent=42645"}],"wp:term":[{"taxonomy":"category","embeddable":true,"href":"https:\/\/radiowebmx.com\/nota\/wp-json\/wp\/v2\/categories?post=42645"},{"taxonomy":"post_tag","embeddable":true,"href":"https:\/\/radiowebmx.com\/nota\/wp-json\/wp\/v2\/tags?post=42645"}],"curies":[{"name":"wp","href":"https:\/\/api.w.org\/{rel}","templated":true}]}}