{"id":42631,"date":"2017-08-22T12:55:31","date_gmt":"2017-08-22T17:55:31","guid":{"rendered":"https:\/\/radiowebmx.com\/nota\/?p=42631"},"modified":"2017-08-22T13:31:54","modified_gmt":"2017-08-22T18:31:54","slug":"capacita-sfa-a-municipios-en-materia-de-disciplina-financiera","status":"publish","type":"post","link":"https:\/\/radiowebmx.com\/nota\/capacita-sfa-a-municipios-en-materia-de-disciplina-financiera\/","title":{"rendered":"Capacita SFA a municipios en materia de disciplina financiera"},"content":{"rendered":"<p><a href=\"https:\/\/radiowebmx.com\/nota\/wp-content\/uploads\/2017\/08\/1629942e-e489-4be4-81eb-942f1eb98d1e.jpg\"><img loading=\"lazy\" decoding=\"async\" class=\"alignnone  wp-image-42633\" src=\"https:\/\/radiowebmx.com\/nota\/wp-content\/uploads\/2017\/08\/1629942e-e489-4be4-81eb-942f1eb98d1e-595x446.jpg\" alt=\"\" width=\"401\" height=\"301\" srcset=\"https:\/\/radiowebmx.com\/nota\/wp-content\/uploads\/2017\/08\/1629942e-e489-4be4-81eb-942f1eb98d1e-595x446.jpg 595w, https:\/\/radiowebmx.com\/nota\/wp-content\/uploads\/2017\/08\/1629942e-e489-4be4-81eb-942f1eb98d1e-768x576.jpg 768w, https:\/\/radiowebmx.com\/nota\/wp-content\/uploads\/2017\/08\/1629942e-e489-4be4-81eb-942f1eb98d1e-960x720.jpg 960w\" sizes=\"auto, (max-width: 401px) 100vw, 401px\" \/><\/a><\/p>\n<p>&nbsp;<\/p>\n<p><strong>Morelia, Michoac\u00e1n, a 22 de agosto de 2017.-<\/strong>\u00a0La Secretar\u00eda de Finanzas y Administraci\u00f3n (SFA) se ha abocado a acercar las herramientas y el conocimiento especializado a las y los trabajadores del Gobierno del Estado y de los Ayuntamientos michoacanos para que desarrollen sus actividades laborales con la mayor calidad y eficiencia posible.<\/p>\n<p>Con este objetivo, la Direcci\u00f3n de Profesionalizaci\u00f3n de la SFA inaugur\u00f3 las \u201cJornadas de Capacitaci\u00f3n y Profesionalizaci\u00f3n en Materia de Disciplina Financiera, Dirigidas a los Municipios del Estado de Michoac\u00e1n de Ocampo\u201d, orientadas a las y los servidores p\u00fablicos que por sus labores tienen competencia en la realizaci\u00f3n de informes o manejo de informaci\u00f3n referente al estado econ\u00f3mico de sus entidades.<\/p>\n<p>Estas jornadas tendr\u00e1n una duraci\u00f3n de tres d\u00edas, en los que se dar\u00e1n cita los diferentes representantes de las distintas regiones de la entidad.<\/p>\n<p>Las y los asistentes a la capacitaci\u00f3n en materia de la Ley de Disciplina Financiera podr\u00e1n conocer e identificar de manera puntual el marco legal que rige la manera en que se reportan los estados financieros de los municipios, las caracter\u00edsticas legales que la conforman y las obligaciones con que cuentan.<\/p>\n","protected":false},"excerpt":{"rendered":"<p>&nbsp; Morelia, Michoac\u00e1n, a 22 de agosto de 2017.-\u00a0La Secretar\u00eda de Finanzas y Administraci\u00f3n (SFA) se ha abocado a acercar las herramientas y el conocimiento especializado a las y los trabajadores del Gobierno del Estado y de los Ayuntamientos michoacanos para que desarrollen sus actividades laborales con la mayor calidad y eficiencia posible. Con este [&hellip;]<\/p>\n","protected":false},"author":2,"featured_media":42632,"comment_status":"closed","ping_status":"closed","sticky":false,"template":"","format":"standard","meta":{"footnotes":""},"categories":[14,3,60],"tags":[],"class_list":["post-42631","post","type-post","status-publish","format-standard","has-post-thumbnail","hentry","category-destacadas","category-gobierno-del-estado-de-michoacan","category-michoacan"],"_links":{"self":[{"href":"https:\/\/radiowebmx.com\/nota\/wp-json\/wp\/v2\/posts\/42631","targetHints":{"allow":["GET"]}}],"collection":[{"href":"https:\/\/radiowebmx.com\/nota\/wp-json\/wp\/v2\/posts"}],"about":[{"href":"https:\/\/radiowebmx.com\/nota\/wp-json\/wp\/v2\/types\/post"}],"author":[{"embeddable":true,"href":"https:\/\/radiowebmx.com\/nota\/wp-json\/wp\/v2\/users\/2"}],"replies":[{"embeddable":true,"href":"https:\/\/radiowebmx.com\/nota\/wp-json\/wp\/v2\/comments?post=42631"}],"version-history":[{"count":1,"href":"https:\/\/radiowebmx.com\/nota\/wp-json\/wp\/v2\/posts\/42631\/revisions"}],"predecessor-version":[{"id":42634,"href":"https:\/\/radiowebmx.com\/nota\/wp-json\/wp\/v2\/posts\/42631\/revisions\/42634"}],"wp:featuredmedia":[{"embeddable":true,"href":"https:\/\/radiowebmx.com\/nota\/wp-json\/wp\/v2\/media\/42632"}],"wp:attachment":[{"href":"https:\/\/radiowebmx.com\/nota\/wp-json\/wp\/v2\/media?parent=42631"}],"wp:term":[{"taxonomy":"category","embeddable":true,"href":"https:\/\/radiowebmx.com\/nota\/wp-json\/wp\/v2\/categories?post=42631"},{"taxonomy":"post_tag","embeddable":true,"href":"https:\/\/radiowebmx.com\/nota\/wp-json\/wp\/v2\/tags?post=42631"}],"curies":[{"name":"wp","href":"https:\/\/api.w.org\/{rel}","templated":true}]}}