{"id":4261,"date":"2013-10-28T10:17:45","date_gmt":"2013-10-28T16:17:45","guid":{"rendered":"https:\/\/radiowebmx.com\/nota\/?p=4261"},"modified":"2013-10-28T10:17:45","modified_gmt":"2013-10-28T16:17:45","slug":"inician-conferencias-sobre-la-nueva-ley-de-amparo","status":"publish","type":"post","link":"https:\/\/radiowebmx.com\/nota\/inician-conferencias-sobre-la-nueva-ley-de-amparo\/","title":{"rendered":"INICIAN CONFERENCIAS SOBRE LA NUEVA LEY DE AMPARO"},"content":{"rendered":"<p>Este lunes inicia en la capital michoacana la primera jornada del Ciclo de Conferencias sobre la Nueva Ley de Amparo, evento coordinado por la Consejer\u00eda Jur\u00eddica del Ejecutivo del Estado y\u00a0 la Facultad de Derecho de la Universidad Michoacana de San Nicol\u00e1s de Hidalgo, que tendr\u00e1 lugar en el Sal\u00f3n Independencia de Casa de Gobierno a las 17:30 horas.<\/p>\n<p>El consejero Jur\u00eddico del estado, Emiliano Mart\u00ednez Coronel, resalt\u00f3 la importancia de estos eventos para la actualizaci\u00f3n, profesionalizaci\u00f3n y capacitaci\u00f3n de los servidores p\u00fablicos, puesto que esta convocatoria va dirigida a los operadores jur\u00eddicos del gobierno del estado.<\/p>\n<p>Mart\u00ednez Coronel recalc\u00f3 que es un compromiso de la administraci\u00f3n que preside el gobernador Fausto Vallejo Figueroa,\u00a0 el ofrecer\u00a0 espacios de actualizaci\u00f3n de manera abierta, de cara a las nuevas leyes y reformas, para estar en condiciones de ofrecer una mejor atenci\u00f3n a los michoacanos.<\/p>\n<p>Antonio Ceja Ochoa, Magistrado en Circuito, ser\u00e1 el encargado de iniciar la jornada con la conferencia magistral \u201cAntecedentes, Justificaci\u00f3n y Generalidades de la Nueva Ley de Amparo\u201d.<\/p>\n<p>El registro se llevar\u00e1 a cabo el d\u00eda del inicio de las jornadas. La segunda jornada que contempla este evento continuar\u00e1 el jueves 31 de octubre a las 17:30 horas en el Sal\u00f3n Independencia de Casa de Gobierno, donde se contar\u00e1 con la presencia de magistrados de distintos \u00f3rdenes, del Gobierno del Estado de Michoac\u00e1n y de la UMSNH.<\/p>\n<p>Cabe resaltar que la\u00a0Nueva Ley de Amparo, Reglamentaria de los art\u00edculos 103 y 107 de la Constituci\u00f3n\u00a0Pol\u00edtica de los Estados Unidos Mexicanos, entr\u00f3 en vigor el 03 de abril del 2013.<\/p>\n","protected":false},"excerpt":{"rendered":"<p>Este lunes inicia en la capital michoacana la primera jornada del Ciclo de Conferencias sobre la Nueva Ley de Amparo, evento coordinado por la Consejer\u00eda Jur\u00eddica del Ejecutivo del Estado y  la Facultad de Derecho de la Universidad Michoacana de San Nicol\u00e1s de Hidalgo<\/p>\n","protected":false},"author":1,"featured_media":0,"comment_status":"open","ping_status":"open","sticky":false,"template":"","format":"standard","meta":{"footnotes":""},"categories":[3],"tags":[],"class_list":["post-4261","post","type-post","status-publish","format-standard","hentry","category-gobierno-del-estado-de-michoacan"],"_links":{"self":[{"href":"https:\/\/radiowebmx.com\/nota\/wp-json\/wp\/v2\/posts\/4261","targetHints":{"allow":["GET"]}}],"collection":[{"href":"https:\/\/radiowebmx.com\/nota\/wp-json\/wp\/v2\/posts"}],"about":[{"href":"https:\/\/radiowebmx.com\/nota\/wp-json\/wp\/v2\/types\/post"}],"author":[{"embeddable":true,"href":"https:\/\/radiowebmx.com\/nota\/wp-json\/wp\/v2\/users\/1"}],"replies":[{"embeddable":true,"href":"https:\/\/radiowebmx.com\/nota\/wp-json\/wp\/v2\/comments?post=4261"}],"version-history":[{"count":1,"href":"https:\/\/radiowebmx.com\/nota\/wp-json\/wp\/v2\/posts\/4261\/revisions"}],"predecessor-version":[{"id":4262,"href":"https:\/\/radiowebmx.com\/nota\/wp-json\/wp\/v2\/posts\/4261\/revisions\/4262"}],"wp:attachment":[{"href":"https:\/\/radiowebmx.com\/nota\/wp-json\/wp\/v2\/media?parent=4261"}],"wp:term":[{"taxonomy":"category","embeddable":true,"href":"https:\/\/radiowebmx.com\/nota\/wp-json\/wp\/v2\/categories?post=4261"},{"taxonomy":"post_tag","embeddable":true,"href":"https:\/\/radiowebmx.com\/nota\/wp-json\/wp\/v2\/tags?post=4261"}],"curies":[{"name":"wp","href":"https:\/\/api.w.org\/{rel}","templated":true}]}}