{"id":42602,"date":"2017-08-22T16:25:46","date_gmt":"2017-08-22T21:25:46","guid":{"rendered":"https:\/\/radiowebmx.com\/nota\/?p=42602"},"modified":"2017-08-22T11:55:41","modified_gmt":"2017-08-22T16:55:41","slug":"inicia-ciclo-escolar-en-el-imced","status":"publish","type":"post","link":"https:\/\/radiowebmx.com\/nota\/inicia-ciclo-escolar-en-el-imced\/","title":{"rendered":"Inicia ciclo escolar en el IMCED"},"content":{"rendered":"<p><a href=\"https:\/\/radiowebmx.com\/nota\/wp-content\/uploads\/2017\/08\/208068c3-a9e6-407b-a843-1e2f08b0fea5.jpg\"><img loading=\"lazy\" decoding=\"async\" class=\"alignnone  wp-image-42604\" src=\"https:\/\/radiowebmx.com\/nota\/wp-content\/uploads\/2017\/08\/208068c3-a9e6-407b-a843-1e2f08b0fea5-595x447.jpg\" alt=\"\" width=\"399\" height=\"300\" srcset=\"https:\/\/radiowebmx.com\/nota\/wp-content\/uploads\/2017\/08\/208068c3-a9e6-407b-a843-1e2f08b0fea5-595x447.jpg 595w, https:\/\/radiowebmx.com\/nota\/wp-content\/uploads\/2017\/08\/208068c3-a9e6-407b-a843-1e2f08b0fea5-768x576.jpg 768w, https:\/\/radiowebmx.com\/nota\/wp-content\/uploads\/2017\/08\/208068c3-a9e6-407b-a843-1e2f08b0fea5-960x720.jpg 960w, https:\/\/radiowebmx.com\/nota\/wp-content\/uploads\/2017\/08\/208068c3-a9e6-407b-a843-1e2f08b0fea5.jpg 1767w\" sizes=\"auto, (max-width: 399px) 100vw, 399px\" \/><\/a><\/p>\n<p>&nbsp;<\/p>\n<p><strong>Morelia, Michoac\u00e1n, a 21 de agosto de 2017.-<\/strong>\u00a0Con el prop\u00f3sito de formar a los profesionales de la educaci\u00f3n de ahora, quienes dar\u00e1n respuesta a las necesidades que tiene Michoac\u00e1n en la materia, hoy dio inicio el ciclo escolar 2017-2018 en el Instituto Michoacano de Ciencias de la Educaci\u00f3n (IMCED), con el registro de aproximadamente 5 mil estudiantes -de los cuales cerca de 450 son de nuevo ingreso- en sus dos niveles de estudio (licenciatura y maestr\u00eda), as\u00ed como en sus tres sedes en el estado.<\/p>\n<p>Al dar apertura al primer semestre escolarizado agosto-enero de 2017-2018, el director general de la instituci\u00f3n, Javier Irepan Hacha, dej\u00f3 en claro que se pretende continuar con un buen funcionamiento institucional, en el cual coadyuvan los trabajadores acad\u00e9micos y administrativos.<\/p>\n<p>Tras hacer notar que los estudiantes del centro de estudios han entrado en un proceso de transformaci\u00f3n, recuperando sus principios fundacionales, el directivo precis\u00f3 que la oferta educativa del IMCED comprende seis licenciaturas y 10 maestr\u00edas en todos los campos de la educaci\u00f3n, as\u00ed como el Doctorado en Educaci\u00f3n.<\/p>\n<p>En cuanto a su matr\u00edcula para el presente semestre del ciclo lectivo 2017-2018, precis\u00f3 que se\u00a0 tienen poco m\u00e1s de 4 mil alumnos en licenciatura (tanto en la modalidad residencial como en la semi residencial); y 400 inscritos en las maestr\u00edas y en doctorado.<\/p>\n<p>Subray\u00f3 que se cumplir\u00e1 con la totalidad del calendario escolar. Para alcanzar las metas trazadas, se\u00f1al\u00f3 que el instituto hace un esfuerzo por armonizar sus labores sustantivas y de esa manera cumplir con el compromiso que tiene con su alumnado, puesto que la labor de la instituci\u00f3n se extiende a las sedes de Morelia, Zit\u00e1cuaro y Guacamayas, en L\u00e1zaro C\u00e1rdenas, donde son apoyados por las autoridades municipales que piden que el instituto acuda para coadyuvar con ellos y se armonice el trato con el estado.<\/p>\n<p>Por otra parte, explic\u00f3 que de los 500 egresados del IMCED durante el ciclo escolar pasado, todos est\u00e1n en condiciones de desarrollarse en los niveles medio superior y superior, pero su preparaci\u00f3n les permite tambi\u00e9n atender niveles educativos b\u00e1sicos, puesto que la formaci\u00f3n que se les imparte les da las herramientas para concursar con \u00e9xito en los ex\u00e1menes de oposici\u00f3n nacionales que la reforma educativa establece.<\/p>\n<p>Ahora, dijo, se destacan las tres labores sustantivas que debe tener una instituci\u00f3n de estudios superiores: docencia, investigaci\u00f3n y extensi\u00f3n; por lo que se refiere a la primera, subray\u00f3 que por primera vez se cuenta con profesionales docentes acordes con las necesidades de la entidad, por lo que los egresados deben tener la seguridad de que cuentan con la mejor planta de profesores; indic\u00f3 incluso que en el nivel de maestr\u00eda el 70 por ciento de los docentes cuentan con maestr\u00eda y varios de ellos ostentan el perfil del Sistema Nacional de Investigadores.<\/p>\n","protected":false},"excerpt":{"rendered":"<p>&nbsp; Morelia, Michoac\u00e1n, a 21 de agosto de 2017.-\u00a0Con el prop\u00f3sito de formar a los profesionales de la educaci\u00f3n de ahora, quienes dar\u00e1n respuesta a las necesidades que tiene Michoac\u00e1n en la materia, hoy dio inicio el ciclo escolar 2017-2018 en el Instituto Michoacano de Ciencias de la Educaci\u00f3n (IMCED), con el registro de aproximadamente [&hellip;]<\/p>\n","protected":false},"author":2,"featured_media":42603,"comment_status":"closed","ping_status":"closed","sticky":false,"template":"","format":"standard","meta":{"footnotes":""},"categories":[14,3,60],"tags":[],"class_list":["post-42602","post","type-post","status-publish","format-standard","has-post-thumbnail","hentry","category-destacadas","category-gobierno-del-estado-de-michoacan","category-michoacan"],"_links":{"self":[{"href":"https:\/\/radiowebmx.com\/nota\/wp-json\/wp\/v2\/posts\/42602","targetHints":{"allow":["GET"]}}],"collection":[{"href":"https:\/\/radiowebmx.com\/nota\/wp-json\/wp\/v2\/posts"}],"about":[{"href":"https:\/\/radiowebmx.com\/nota\/wp-json\/wp\/v2\/types\/post"}],"author":[{"embeddable":true,"href":"https:\/\/radiowebmx.com\/nota\/wp-json\/wp\/v2\/users\/2"}],"replies":[{"embeddable":true,"href":"https:\/\/radiowebmx.com\/nota\/wp-json\/wp\/v2\/comments?post=42602"}],"version-history":[{"count":1,"href":"https:\/\/radiowebmx.com\/nota\/wp-json\/wp\/v2\/posts\/42602\/revisions"}],"predecessor-version":[{"id":42605,"href":"https:\/\/radiowebmx.com\/nota\/wp-json\/wp\/v2\/posts\/42602\/revisions\/42605"}],"wp:featuredmedia":[{"embeddable":true,"href":"https:\/\/radiowebmx.com\/nota\/wp-json\/wp\/v2\/media\/42603"}],"wp:attachment":[{"href":"https:\/\/radiowebmx.com\/nota\/wp-json\/wp\/v2\/media?parent=42602"}],"wp:term":[{"taxonomy":"category","embeddable":true,"href":"https:\/\/radiowebmx.com\/nota\/wp-json\/wp\/v2\/categories?post=42602"},{"taxonomy":"post_tag","embeddable":true,"href":"https:\/\/radiowebmx.com\/nota\/wp-json\/wp\/v2\/tags?post=42602"}],"curies":[{"name":"wp","href":"https:\/\/api.w.org\/{rel}","templated":true}]}}