{"id":4259,"date":"2013-10-28T10:16:37","date_gmt":"2013-10-28T16:16:37","guid":{"rendered":"https:\/\/radiowebmx.com\/nota\/?p=4259"},"modified":"2013-10-28T10:16:37","modified_gmt":"2013-10-28T16:16:37","slug":"promovera-gobierno-de-holanda-productos-michoacanos","status":"publish","type":"post","link":"https:\/\/radiowebmx.com\/nota\/promovera-gobierno-de-holanda-productos-michoacanos\/","title":{"rendered":"PROMOVER\u00c1 GOBIERNO DE HOLANDA PRODUCTOS MICHOACANOS"},"content":{"rendered":"<p>El titular de la Secretar\u00eda de Urbanismo y Medio Ambiente (SUMA), Mauro Ram\u00f3n Ballesteros Figueroa, sostuvo una reuni\u00f3n con el Primer Ministro de Holanda en M\u00e9xico, Jaap Veerman, quien le manifest\u00f3 su inter\u00e9s en conocer y promover los productos org\u00e1nicos de nuestra entidad en su pa\u00eds.<\/p>\n<p>Ballesteros Figueroa se reuni\u00f3 con funcionarios del pa\u00eds europeo para hablarles de las ventajas con que cuenta nuestra entidad y que la hacen susceptible a realizar intercambios comerciales, ambientales y tecnol\u00f3gicos con Holanda.<\/p>\n<p>Por ejemplo, el funcionario estatal detall\u00f3 acerca de los \u201cproductos verdes\u201d que se generan en el estado como fertilizantes org\u00e1nicos, miel, conservas, mermeladas, alimentos deshidratados; as\u00ed como los art\u00edculos de cantera y las artesan\u00edas michoacanas.<\/p>\n<p>Dio a conocer a los visitantes el lugar que ocupa Michoac\u00e1n en varios rubros, como en biodiversidad, ya que es quinto lugar a nivel nacional con m\u00e1s de 9 mil 509 especies, de las cuales 405 son end\u00e9micas.<\/p>\n<p>El titular de SUMA expuso que el estado cuenta adem\u00e1s con 44 \u00c1reas Naturales Protegidas, que abarcan un total de 66 mil 753 hect\u00e1reas. Inform\u00f3 de los primeros sitios a nivel nacional que ocupa el estado en generaci\u00f3n de energ\u00eda, como e\u00f3lica, solar, geot\u00e9rmica, minihidr\u00e1ulica y de biomasa.<\/p>\n<p>Resalt\u00f3 los esfuerzos que aqu\u00ed se hacen en lo referente a tratamiento de desechos s\u00f3lidos, tema en el que se est\u00e1n haciendo esfuerzos importantes para aprovechar la generaci\u00f3n de pl\u00e1stico, cart\u00f3n, vidrio y otros residuos.<\/p>\n<p>Ballesteros Figueroa destac\u00f3 el inter\u00e9s del estado en implementar tecnolog\u00edas modernas provenientes de otros pa\u00edses, para mejorar las actividades productivas que realizan todos los sectores.<\/p>\n<p>Por su parte, el Primer Ministro de Holanda en M\u00e9xico, Jaap Veerman, agradeci\u00f3 al representante del Ejecutivo estatal por su informaci\u00f3n y coment\u00f3 que difundir\u00e1 en su pa\u00eds los productos org\u00e1nicos michoacanos, a trav\u00e9s de un documento que se les har\u00e1 llegar en los pr\u00f3ximos d\u00edas.<\/p>\n<p>Acompa\u00f1ado de la asesora en materia ambiental de esa embajada, Judith Blauw, el\u00a0 diplom\u00e1tico holand\u00e9s se\u00f1al\u00f3 la posibilidad de que dicha informaci\u00f3n sea bien acogida por el gobierno al que representa, y en consecuencia pueda haber una respuesta positiva sobre los objetivos se\u00f1alados.<\/p>\n<p>En esa misma reuni\u00f3n, representantes de la Secretar\u00eda del Medio Ambiente y Recursos Naturales (SEMARNAT) y del Organismo Operador de Agua Potable, Alcantarillado y Saneamiento de Morelia (OOAPAS), informaron tambi\u00e9n de las actividades y productos que ellos ofrecen.<\/p>\n","protected":false},"excerpt":{"rendered":"<p>El titular de la Secretar\u00eda de Urbanismo y Medio Ambiente (SUMA), Mauro Ram\u00f3n Ballesteros Figueroa, sostuvo una reuni\u00f3n con el Primer Ministro de Holanda en M\u00e9xico, Jaap Veerman, quien le manifest\u00f3 su inter\u00e9s en conocer y promover los productos org\u00e1nicos de nuestra entidad en su pa\u00eds.<\/p>\n","protected":false},"author":1,"featured_media":0,"comment_status":"open","ping_status":"open","sticky":false,"template":"","format":"standard","meta":{"footnotes":""},"categories":[3],"tags":[],"class_list":["post-4259","post","type-post","status-publish","format-standard","hentry","category-gobierno-del-estado-de-michoacan"],"_links":{"self":[{"href":"https:\/\/radiowebmx.com\/nota\/wp-json\/wp\/v2\/posts\/4259","targetHints":{"allow":["GET"]}}],"collection":[{"href":"https:\/\/radiowebmx.com\/nota\/wp-json\/wp\/v2\/posts"}],"about":[{"href":"https:\/\/radiowebmx.com\/nota\/wp-json\/wp\/v2\/types\/post"}],"author":[{"embeddable":true,"href":"https:\/\/radiowebmx.com\/nota\/wp-json\/wp\/v2\/users\/1"}],"replies":[{"embeddable":true,"href":"https:\/\/radiowebmx.com\/nota\/wp-json\/wp\/v2\/comments?post=4259"}],"version-history":[{"count":1,"href":"https:\/\/radiowebmx.com\/nota\/wp-json\/wp\/v2\/posts\/4259\/revisions"}],"predecessor-version":[{"id":4260,"href":"https:\/\/radiowebmx.com\/nota\/wp-json\/wp\/v2\/posts\/4259\/revisions\/4260"}],"wp:attachment":[{"href":"https:\/\/radiowebmx.com\/nota\/wp-json\/wp\/v2\/media?parent=4259"}],"wp:term":[{"taxonomy":"category","embeddable":true,"href":"https:\/\/radiowebmx.com\/nota\/wp-json\/wp\/v2\/categories?post=4259"},{"taxonomy":"post_tag","embeddable":true,"href":"https:\/\/radiowebmx.com\/nota\/wp-json\/wp\/v2\/tags?post=4259"}],"curies":[{"name":"wp","href":"https:\/\/api.w.org\/{rel}","templated":true}]}}