{"id":42579,"date":"2017-08-22T11:11:48","date_gmt":"2017-08-22T16:11:48","guid":{"rendered":"https:\/\/radiowebmx.com\/nota\/?p=42579"},"modified":"2017-08-22T11:11:48","modified_gmt":"2017-08-22T16:11:48","slug":"gobierno-municipal-aumentara-el-numero-de-beneficiados-de-beca-tu-educacion","status":"publish","type":"post","link":"https:\/\/radiowebmx.com\/nota\/gobierno-municipal-aumentara-el-numero-de-beneficiados-de-beca-tu-educacion\/","title":{"rendered":"Gobierno Municipal aumentar\u00e1 el n\u00famero de beneficiados de &#8220;Beca tu Educaci\u00f3n&#8221;"},"content":{"rendered":"<p><a href=\"https:\/\/radiowebmx.com\/nota\/wp-content\/uploads\/2017\/08\/458a0529-b61f-4944-80e0-dbcbe462b521.jpeg\"><img loading=\"lazy\" decoding=\"async\" class=\"alignnone  wp-image-42581\" src=\"https:\/\/radiowebmx.com\/nota\/wp-content\/uploads\/2017\/08\/458a0529-b61f-4944-80e0-dbcbe462b521-595x397.jpeg\" alt=\"\" width=\"399\" height=\"266\" srcset=\"https:\/\/radiowebmx.com\/nota\/wp-content\/uploads\/2017\/08\/458a0529-b61f-4944-80e0-dbcbe462b521-595x397.jpeg 595w, https:\/\/radiowebmx.com\/nota\/wp-content\/uploads\/2017\/08\/458a0529-b61f-4944-80e0-dbcbe462b521-768x512.jpeg 768w, https:\/\/radiowebmx.com\/nota\/wp-content\/uploads\/2017\/08\/458a0529-b61f-4944-80e0-dbcbe462b521-960x640.jpeg 960w, https:\/\/radiowebmx.com\/nota\/wp-content\/uploads\/2017\/08\/458a0529-b61f-4944-80e0-dbcbe462b521-272x182.jpeg 272w, https:\/\/radiowebmx.com\/nota\/wp-content\/uploads\/2017\/08\/458a0529-b61f-4944-80e0-dbcbe462b521.jpeg 1280w\" sizes=\"auto, (max-width: 399px) 100vw, 399px\" \/><\/a><\/p>\n<ul>\n<li><strong>Por instrucciones del Alcalde, Alfonso Mart\u00ednez, este a\u00f1o se entregar\u00e1n 2 mil becas.<\/strong><\/li>\n<\/ul>\n<p>&nbsp;<\/p>\n<p>Con el firme prop\u00f3sito de contribuir a elevar el nivel educativo en el municipio y ayudar al desarrollo de las familias de escasos recursos, el Gobierno Municipal, a trav\u00e9s de la Secretar\u00eda de Desarrollo Humano y Bienestar Social, lanza por segundo a\u00f1o consecutivo la Convocatoria &#8220;Beca tu Educaci\u00f3n&#8221;, correspondiente al ciclo escolar 2017-2018, la cual el a\u00f1o pasado tuvo un \u00e9xito sin precedentes para los beneficiarios.<\/p>\n<p>En rueda de prensa, el titular de esta dependencia, Guillermo Mar\u00edn Ch\u00e1vez, destac\u00f3 que es prioridad del Presidente Municipal, Alfonso Mart\u00ednez Alc\u00e1zar, dar continuidad a este programa orientado a lograr que Morelia se convierta en una de las ciudades m\u00e1s educadas del pa\u00eds entre los sectores infantil y juvenil, raz\u00f3n por la cual este a\u00f1o se ampliar\u00e1 el n\u00famero de menores beneficiados.<\/p>\n<p>\u201cEn este ciclo escolar nuestro Alcalde nos pidi\u00f3 que otorguemos m\u00e1s de 2 mil becas a trav\u00e9s de la segunda convocatoria dirigida a estudiantes de quinto y sexto de primaria, as\u00ed como primero de secundaria. Cabe destacar que de este n\u00famero, 941 son ni\u00f1os a los que se les renovar\u00e1 la beca del pasado periodo y mil 608 del presente ciclo 2017-2018\u201d, detall\u00f3.<\/p>\n<p>Mar\u00edn Ch\u00e1vez inform\u00f3 que las solicitudes ser\u00e1n recibidas a partir de este 22 de agosto al 11 de septiembre, mientras que la recepci\u00f3n de documentos ser\u00e1 del 28 de agosto al 11 de septiembre, asimismo precis\u00f3 que la integraci\u00f3n del padr\u00f3n se llevar\u00e1 a cabo del 2 de septiembre a 23 de octubre, para posteriormente realizar el estudio socioecon\u00f3mico del 19 de septiembre al 23 de octubre y culminar con la validaci\u00f3n del Comit\u00e9 el 6 de noviembre del a\u00f1o en curso.<\/p>\n<p>\u201cLa intenci\u00f3n es que con este programa no s\u00f3lo evitemos la deserci\u00f3n escolar de los menores por falta de recursos econ\u00f3micos, sino que adem\u00e1s desde el Gobierno Municipal contribuyamos a mejorar el nivel educativo y con ello lograr que Morelia se convierta en una de las ciudades m\u00e1s educadoras de M\u00e9xico\u201d, a\u00f1adi\u00f3.<\/p>\n<p>Puntualiz\u00f3 que la convocatoria estar\u00e1 disponible en la p\u00e1gina oficial del Ayuntamiento capitalino: www.morelia.gob.mx, as\u00ed como en las 14 Jefaturas de Tenencia.<\/p>\n<p>Finalmente, el Secretario de Desarrollo Humano y Bienestar Social, refrend\u00f3 el compromiso del Presidente Municipal, Alfonso Mart\u00ednez, con la educaci\u00f3n de los menores y el inter\u00e9s por ayudar a quienes m\u00e1s lo necesitan con este tipo de apoyos.<\/p>\n","protected":false},"excerpt":{"rendered":"<p>Por instrucciones del Alcalde, Alfonso Mart\u00ednez, este a\u00f1o se entregar\u00e1n 2 mil becas. &nbsp; Con el firme prop\u00f3sito de contribuir a elevar el nivel educativo en el municipio y ayudar al desarrollo de las familias de escasos recursos, el Gobierno Municipal, a trav\u00e9s de la Secretar\u00eda de Desarrollo Humano y Bienestar Social, lanza por segundo [&hellip;]<\/p>\n","protected":false},"author":2,"featured_media":42580,"comment_status":"closed","ping_status":"closed","sticky":false,"template":"","format":"standard","meta":{"footnotes":""},"categories":[14,60,9],"tags":[],"class_list":["post-42579","post","type-post","status-publish","format-standard","has-post-thumbnail","hentry","category-destacadas","category-michoacan","category-morelia"],"_links":{"self":[{"href":"https:\/\/radiowebmx.com\/nota\/wp-json\/wp\/v2\/posts\/42579","targetHints":{"allow":["GET"]}}],"collection":[{"href":"https:\/\/radiowebmx.com\/nota\/wp-json\/wp\/v2\/posts"}],"about":[{"href":"https:\/\/radiowebmx.com\/nota\/wp-json\/wp\/v2\/types\/post"}],"author":[{"embeddable":true,"href":"https:\/\/radiowebmx.com\/nota\/wp-json\/wp\/v2\/users\/2"}],"replies":[{"embeddable":true,"href":"https:\/\/radiowebmx.com\/nota\/wp-json\/wp\/v2\/comments?post=42579"}],"version-history":[{"count":1,"href":"https:\/\/radiowebmx.com\/nota\/wp-json\/wp\/v2\/posts\/42579\/revisions"}],"predecessor-version":[{"id":42582,"href":"https:\/\/radiowebmx.com\/nota\/wp-json\/wp\/v2\/posts\/42579\/revisions\/42582"}],"wp:featuredmedia":[{"embeddable":true,"href":"https:\/\/radiowebmx.com\/nota\/wp-json\/wp\/v2\/media\/42580"}],"wp:attachment":[{"href":"https:\/\/radiowebmx.com\/nota\/wp-json\/wp\/v2\/media?parent=42579"}],"wp:term":[{"taxonomy":"category","embeddable":true,"href":"https:\/\/radiowebmx.com\/nota\/wp-json\/wp\/v2\/categories?post=42579"},{"taxonomy":"post_tag","embeddable":true,"href":"https:\/\/radiowebmx.com\/nota\/wp-json\/wp\/v2\/tags?post=42579"}],"curies":[{"name":"wp","href":"https:\/\/api.w.org\/{rel}","templated":true}]}}