{"id":42570,"date":"2017-08-22T11:06:23","date_gmt":"2017-08-22T16:06:23","guid":{"rendered":"https:\/\/radiowebmx.com\/nota\/?p=42570"},"modified":"2017-08-22T11:06:23","modified_gmt":"2017-08-22T16:06:23","slug":"prepara-dif-de-morelia-extenso-programa-de-actividades-para-celebrar-el-dia-del-abuelo","status":"publish","type":"post","link":"https:\/\/radiowebmx.com\/nota\/prepara-dif-de-morelia-extenso-programa-de-actividades-para-celebrar-el-dia-del-abuelo\/","title":{"rendered":"Prepara DIF de Morelia extenso programa de actividades para celebrar el D\u00eda del Abuelo"},"content":{"rendered":"<p><a href=\"https:\/\/radiowebmx.com\/nota\/wp-content\/uploads\/2017\/08\/b33aace9-4bf4-47c2-9b5d-40ac1b46d104.jpeg\"><img loading=\"lazy\" decoding=\"async\" class=\"alignnone  wp-image-42572\" src=\"https:\/\/radiowebmx.com\/nota\/wp-content\/uploads\/2017\/08\/b33aace9-4bf4-47c2-9b5d-40ac1b46d104-595x397.jpeg\" alt=\"\" width=\"399\" height=\"266\" srcset=\"https:\/\/radiowebmx.com\/nota\/wp-content\/uploads\/2017\/08\/b33aace9-4bf4-47c2-9b5d-40ac1b46d104-595x397.jpeg 595w, https:\/\/radiowebmx.com\/nota\/wp-content\/uploads\/2017\/08\/b33aace9-4bf4-47c2-9b5d-40ac1b46d104-768x512.jpeg 768w, https:\/\/radiowebmx.com\/nota\/wp-content\/uploads\/2017\/08\/b33aace9-4bf4-47c2-9b5d-40ac1b46d104-960x640.jpeg 960w, https:\/\/radiowebmx.com\/nota\/wp-content\/uploads\/2017\/08\/b33aace9-4bf4-47c2-9b5d-40ac1b46d104-272x182.jpeg 272w, https:\/\/radiowebmx.com\/nota\/wp-content\/uploads\/2017\/08\/b33aace9-4bf4-47c2-9b5d-40ac1b46d104.jpeg 1280w\" sizes=\"auto, (max-width: 399px) 100vw, 399px\" \/><\/a><\/p>\n<ul>\n<li><strong>Ser\u00e1n distintas actividades encaminadas a la recreaci\u00f3n y entretenimiento de los abuelitos.<\/strong><\/li>\n<\/ul>\n<p>&nbsp;<\/p>\n<p>En el marco del D\u00eda del Abuelo, el DIF Morelia prepara una semana llena de actividades para este sector tan importante en la sociedad, entre las que se encuentran una conferencia, convivencias entre distintas instancias y la presentaci\u00f3n de una orquesta que coronar\u00e1 este festejo, as\u00ed lo anunci\u00f3 la Directora del DIF Morelia, Melissa V\u00e1squez P\u00e9rez.<\/p>\n<p>Indic\u00f3 que las mencionadas acciones dieron inicio esta semana con el desayuno por parte del Asilo \u201cMiguel Hidalgo\u201d y continuar\u00e1 con otro convivio con empresarios quienes est\u00e1n interesados en celebrar a los adultos mayores; el festejo sigue el pr\u00f3ximo mi\u00e9rcoles 23 de agosto, fecha en la que una orquesta deleitar\u00e1 a los asistentes de la Estancia Diurna del Adulto Mayor (EDAM), a las 11:00 horas.<\/p>\n<p>El jueves 24 la EDAM visitar\u00e1 las instalaciones del Asilo \u201cGuadalupe\u201d para que juntos puedan disfrutar del programa de actividades; el viernes 25 del presente mes, en el Asilo Miguel Hidalgo, se tiene preparada una comida con el mismo fin.<\/p>\n<p>Ser\u00e1 el lunes 28 cuando a partir de las 11:00 horas se imparta la conferencia titulada: \u201cDisciplina con Amor para los Abuelos\u201d en el auditorio del DIF Morelia, misma que tendr\u00e1 entrada gratuita para la poblaci\u00f3n en general.<\/p>\n<p>Melissa V\u00e1squez coment\u00f3 que las actividades continuar\u00e1n hasta el jueves 31 con visitas a espacios abiertos, buscando as\u00ed fomentar el esparcimiento, adem\u00e1s de que se llevar\u00e1 a cabo una campa\u00f1a m\u00e9dica por parte de la EDAM y una pl\u00e1tica con la misma tem\u00e1tica.<\/p>\n<p>Con ello, sostuvo, se busca celebrar a los adultos mayores con diversas actividades a lo largo de la semana que los hagan sentir parte de este festejo.<\/p>\n","protected":false},"excerpt":{"rendered":"<p>Ser\u00e1n distintas actividades encaminadas a la recreaci\u00f3n y entretenimiento de los abuelitos. &nbsp; En el marco del D\u00eda del Abuelo, el DIF Morelia prepara una semana llena de actividades para este sector tan importante en la sociedad, entre las que se encuentran una conferencia, convivencias entre distintas instancias y la presentaci\u00f3n de una orquesta que [&hellip;]<\/p>\n","protected":false},"author":2,"featured_media":42571,"comment_status":"closed","ping_status":"closed","sticky":false,"template":"","format":"standard","meta":{"footnotes":""},"categories":[14,60,9],"tags":[],"class_list":["post-42570","post","type-post","status-publish","format-standard","has-post-thumbnail","hentry","category-destacadas","category-michoacan","category-morelia"],"_links":{"self":[{"href":"https:\/\/radiowebmx.com\/nota\/wp-json\/wp\/v2\/posts\/42570","targetHints":{"allow":["GET"]}}],"collection":[{"href":"https:\/\/radiowebmx.com\/nota\/wp-json\/wp\/v2\/posts"}],"about":[{"href":"https:\/\/radiowebmx.com\/nota\/wp-json\/wp\/v2\/types\/post"}],"author":[{"embeddable":true,"href":"https:\/\/radiowebmx.com\/nota\/wp-json\/wp\/v2\/users\/2"}],"replies":[{"embeddable":true,"href":"https:\/\/radiowebmx.com\/nota\/wp-json\/wp\/v2\/comments?post=42570"}],"version-history":[{"count":1,"href":"https:\/\/radiowebmx.com\/nota\/wp-json\/wp\/v2\/posts\/42570\/revisions"}],"predecessor-version":[{"id":42573,"href":"https:\/\/radiowebmx.com\/nota\/wp-json\/wp\/v2\/posts\/42570\/revisions\/42573"}],"wp:featuredmedia":[{"embeddable":true,"href":"https:\/\/radiowebmx.com\/nota\/wp-json\/wp\/v2\/media\/42571"}],"wp:attachment":[{"href":"https:\/\/radiowebmx.com\/nota\/wp-json\/wp\/v2\/media?parent=42570"}],"wp:term":[{"taxonomy":"category","embeddable":true,"href":"https:\/\/radiowebmx.com\/nota\/wp-json\/wp\/v2\/categories?post=42570"},{"taxonomy":"post_tag","embeddable":true,"href":"https:\/\/radiowebmx.com\/nota\/wp-json\/wp\/v2\/tags?post=42570"}],"curies":[{"name":"wp","href":"https:\/\/api.w.org\/{rel}","templated":true}]}}