{"id":4250,"date":"2013-10-25T11:37:02","date_gmt":"2013-10-25T16:37:02","guid":{"rendered":"https:\/\/radiowebmx.com\/nota\/?p=4250"},"modified":"2013-10-25T11:37:02","modified_gmt":"2013-10-25T16:37:02","slug":"jesus-sierra-nombra-a-rectores-de-universidades-politecnicas-de-uruapan-y-lazaro-cardenas","status":"publish","type":"post","link":"https:\/\/radiowebmx.com\/nota\/jesus-sierra-nombra-a-rectores-de-universidades-politecnicas-de-uruapan-y-lazaro-cardenas\/","title":{"rendered":"JES\u00daS SIERRA NOMBRA A RECTORES DE UNIVERSIDADES POLIT\u00c9CNICAS DE URUAPAN Y L\u00c1ZARO C\u00c1RDENAS"},"content":{"rendered":"<p><a href=\"https:\/\/radiowebmx.com\/nota\/wp-content\/uploads\/2013\/10\/4Q4A0691.jpg\"><img loading=\"lazy\" decoding=\"async\" class=\"alignleft size-full wp-image-4251\" alt=\"4Q4A0691\" src=\"https:\/\/radiowebmx.com\/nota\/wp-content\/uploads\/2013\/10\/4Q4A0691.jpg\" width=\"591\" height=\"194\" \/><\/a>El secretario de Educaci\u00f3n en Michoac\u00e1n, J. Jes\u00fas Sierra Arias, instal\u00f3 las Juntas Directivas de las Universidades Polit\u00e9cnicas de Uruapan y de L\u00e1zaro C\u00e1rdenas, donde tom\u00f3 protesta a los rectores Rafael Lara Hern\u00e1ndez y Francisco V\u00e1zquez Rivera, respectivamente.<\/p>\n<p>En ambos eventos realizados por separado en esta ciudad de Uruapan, se congregaron autoridades del cabildo, as\u00ed como el delegado federal en Michoac\u00e1n de la Secretar\u00eda de Educaci\u00f3n P\u00fablica, Daniel Trujillo Mesina; \u00a0representantes de instituciones educativas, el subsecretario de Educaci\u00f3n Media Superior y Superior, \u00c1lvaro Estrada Maldonado, as\u00ed como otras dependencias de gobierno quienes forman parte del Comit\u00e9 que en com\u00fan acuerdo deciden el rumbo de ambas Universidades Polit\u00e9cnicas.<\/p>\n<p>En su participaci\u00f3n, el titular de la pol\u00edtica educativa en Michoac\u00e1n, en su calidad de presidente de la Junta Directiva, expres\u00f3 a los asistentes que su compromiso es brindar la oferta educativa de calidad, y record\u00f3 que las universidades p\u00fablicas atienden al 90 por ciento de la matr\u00edcula estudiantil en todo el pa\u00eds con un est\u00e1ndar de calidad similar en todo el territorio mexicano, mientras que a las privadas solo tienen acceso una minor\u00eda de la poblaci\u00f3n y no garantizan la calidad educativa similar en cada una de ellas.<\/p>\n<p>Sierra Arias record\u00f3 que tanto Uruapan como L\u00e1zaro C\u00e1rdenas son ciudades de gran importancia para el estado y estas nuevas Universidades Polit\u00e9cnicas permiten ofrecer diversidad de carreras, y aunque ambas instituciones carecen de edificios propios, actualmente ofrecen la atenci\u00f3n a 100 estudiantes cada una en instalaciones prestadas.<\/p>\n<p>En este sentido, el secretario de Educaci\u00f3n se comprometi\u00f3 a realizar las gestiones necesarias para que se puedan aterrizar los recursos que ya est\u00e1n autorizados para la construcci\u00f3n del edificio propio de la Universidad Polit\u00e9cnica de Uruapan.<\/p>\n<p>Destac\u00f3 que su prioridad es crear ciudades retenes de educaci\u00f3n, es decir, ofrecer las diferentes oportunidades de estudio para que los j\u00f3venes tengan mayor desarrollo y crecimiento en sus lugares de origen.<\/p>\n<p>Estas dos universidades tienen un a\u00f1o aproximadamente de ofrecer los servicios de ingenier\u00edas y licenciaturas. La Universidad Polit\u00e9cnica de Uruapan ofrece las carreras de Ingenier\u00eda en Tecnolog\u00edas de Manufactura y Agroindustrial as\u00ed como las licenciaturas en Administraci\u00f3n y Gesti\u00f3n en PyMES. Asimismo, la Universidad Polit\u00e9cnica de L\u00e1zaro C\u00e1rdenas tiene las carreras de Log\u00edstica y Transporte, Tecnolog\u00eda Ambiental, y la de Seguridad y Automatizaci\u00f3n Industrial.<\/p>\n<p>&nbsp;<\/p>\n<p>&nbsp;<\/p>\n<p align=\"center\"><b>\u00a0<\/b><\/p>\n","protected":false},"excerpt":{"rendered":"<p>El secretario de Educaci\u00f3n en Michoac\u00e1n, J. Jes\u00fas Sierra Arias, instal\u00f3 las Juntas Directivas de las Universidades Polit\u00e9cnicas de Uruapan y de L\u00e1zaro C\u00e1rdenas, donde tom\u00f3 protesta a los rectores Rafael Lara Hern\u00e1ndez y Francisco V\u00e1zquez Rivera, respectivamente.<\/p>\n","protected":false},"author":1,"featured_media":0,"comment_status":"open","ping_status":"open","sticky":false,"template":"","format":"standard","meta":{"footnotes":""},"categories":[14,3],"tags":[],"class_list":["post-4250","post","type-post","status-publish","format-standard","hentry","category-destacadas","category-gobierno-del-estado-de-michoacan"],"_links":{"self":[{"href":"https:\/\/radiowebmx.com\/nota\/wp-json\/wp\/v2\/posts\/4250","targetHints":{"allow":["GET"]}}],"collection":[{"href":"https:\/\/radiowebmx.com\/nota\/wp-json\/wp\/v2\/posts"}],"about":[{"href":"https:\/\/radiowebmx.com\/nota\/wp-json\/wp\/v2\/types\/post"}],"author":[{"embeddable":true,"href":"https:\/\/radiowebmx.com\/nota\/wp-json\/wp\/v2\/users\/1"}],"replies":[{"embeddable":true,"href":"https:\/\/radiowebmx.com\/nota\/wp-json\/wp\/v2\/comments?post=4250"}],"version-history":[{"count":2,"href":"https:\/\/radiowebmx.com\/nota\/wp-json\/wp\/v2\/posts\/4250\/revisions"}],"predecessor-version":[{"id":4253,"href":"https:\/\/radiowebmx.com\/nota\/wp-json\/wp\/v2\/posts\/4250\/revisions\/4253"}],"wp:attachment":[{"href":"https:\/\/radiowebmx.com\/nota\/wp-json\/wp\/v2\/media?parent=4250"}],"wp:term":[{"taxonomy":"category","embeddable":true,"href":"https:\/\/radiowebmx.com\/nota\/wp-json\/wp\/v2\/categories?post=4250"},{"taxonomy":"post_tag","embeddable":true,"href":"https:\/\/radiowebmx.com\/nota\/wp-json\/wp\/v2\/tags?post=4250"}],"curies":[{"name":"wp","href":"https:\/\/api.w.org\/{rel}","templated":true}]}}