{"id":425,"date":"2012-11-29T10:13:32","date_gmt":"2012-11-29T16:13:32","guid":{"rendered":"https:\/\/radiowebmx.com\/nota\/?p=425"},"modified":"2012-11-29T10:13:32","modified_gmt":"2012-11-29T16:13:32","slug":"version-estenografica-conferencia-de-prensa-secretario-de-desarrollo-economico-ricardo-martinez-suarez","status":"publish","type":"post","link":"https:\/\/radiowebmx.com\/nota\/version-estenografica-conferencia-de-prensa-secretario-de-desarrollo-economico-ricardo-martinez-suarez\/","title":{"rendered":"VERSI\u00d3N ESTENOGR\u00c1FICA CONFERENCIA DE PRENSA SECRETARIO DE DESARROLLO ECON\u00d3MICO, RICARDO MART\u00cdNEZ SU\u00c1REZ"},"content":{"rendered":"<p>Creo que tenemos nota, sobre todo nota positiva porque como ustedes saben en medio de la crisis financiera, que ha vivido el estado de Michoac\u00e1n este a\u00f1o, una de las prioridades que estableci\u00f3 el gobernador del estado es seguir impulsando con todo la actividad econ\u00f3mica para que no hubiera un descenso en el n\u00famero de empleos en el estado de Michoac\u00e1n. Todas las estad\u00edsticas del Seguro Social muestran que el empleo ha venido creciendo en el estado y esto ha sido a partir de una pol\u00edtica econ\u00f3mica que ha desarrollado el gobierno del estado en coordinaci\u00f3n con los ayuntamientos y sobre todo con los sectores productivos para que, insisto, en medio de la crisis econ\u00f3mica, de la crisis financiera y de la falta de recursos para incentivar algunos proyectos, estemos haciendo algo que hace muchos a\u00f1os no se hac\u00eda en Michoac\u00e1n, que es incentivar la inversi\u00f3n nacional y extranjera que genere proyectos productivos en el estado y sobre todo genere fuentes de empleo.<\/p>\n<p>Si ustedes lo recuerdan comenzamos el a\u00f1o con una empresa minera que ten\u00eda muchos a\u00f1os sin poder empezar a operar, que es la empresa Ternium que hoy est\u00e1 generando en la zona de Aquila entre 500 y 700 empleos, en promedio, que es lo que nos informan y a partir de ah\u00ed, logramos reabrir la planta productiva de Contepec, el parque industrial de Contepec, que estaba cerrado tambi\u00e9n desde hace varios a\u00f1os; se dio gran impulso al tema de que Arcelor Mittal pudiera firmar un acuerdo de colaboraci\u00f3n con los ejidatarios de la zona y esto permiti\u00f3 generar arriba de mil fuentes de empleo, y hace unos d\u00edas se consolid\u00f3 tambi\u00e9n la Terminal Dos que est\u00e1 construyendo APM en L\u00e1zaro C\u00e1rdenas que va a generar en promedio 3 mil empleos.<\/p>\n<p>Si a eso le agregan ustedes las Ferias del empleo y otras actividades, bueno, el gobierno estatal ha logrado impulsar durante el presente a\u00f1o, algo as\u00ed como 10 mil empleos, me parece que evidentemente todav\u00eda nos falta por hacer porque hay mucha gente que tiene y est\u00e1 buscando oportunidades de trabajo, en un estado como Michoac\u00e1n en donde durante muchos a\u00f1os, m\u00e1s que generar, perd\u00edamos fuentes de trabajo. El secretario de Desarrollo Econ\u00f3mico Ricardo Mart\u00ednez tiene informaci\u00f3n interesante con respecto a este tema y sobre la visita de un grupo muy nutrido, muy importante de diplom\u00e1ticos de la Comunidad Europea.<\/p>\n<p><strong>Ricardo Mart\u00ednez Su\u00e1rez.-<\/strong> Muchas gracias, Julio, gracias a todos los medios de comunicaci\u00f3n por estar aqu\u00ed, amigas y amigos, bueno yo creo que esta semblanza que acaba de hacer el coordinador de Comunicaci\u00f3n Social del gobierno del estado marca muy bien una pol\u00edtica econ\u00f3mica que hemos estado trabajando por instrucciones del se\u00f1or gobernador el licenciado Fausto Vallejo Figueroa, y quiero comentarles que el tema que vamos a tratar en unos momentos, es un tema que es a consecuencia de lo que hemos venido trabajando, los resultados en desarrollo econ\u00f3mico no se dan de un d\u00eda a otro, los resultados es como un ferrocarril, es muy dif\u00edcil que camine pero una vez caminando es muy dif\u00edcil parar, ejemplos de eso son como Estados Unidos, que una vez que est\u00e1 creciendo, si decreciera o tuviera una recesi\u00f3n, el mundo lo tuviera.<\/p>\n<p>Nosotros tenemos una condici\u00f3n en Michoac\u00e1n complicada, donde hemos crecido este a\u00f1o aun y cuando no hemos tenido recursos por parte del gobierno del estado para poder pagarle a los proveedores, para poder tener circulante, sin embargo hemos hecho un esfuerzo muy importante para la promoci\u00f3n del desarrollo econ\u00f3mico, la reinversi\u00f3n de los empresarios en Michoac\u00e1n y la atracci\u00f3n de inversi\u00f3n extranjera y parte de esto, parte de esta estrategia fue el Foro Econ\u00f3mico de Negocios en L\u00e1zaro C\u00e1rdenas 2012, donde estuvimos trabajando varias \u00e1reas y varias carteras, una de ellas fue la cartera internacional, donde estuvieron con nosotros siete embajadores, siete representantes de los pa\u00edses, y dentro de ellos, dentro de los embajadores, vinieron dos representantes, uno de Alemania y uno de Reino Unido, que hasta el momento nunca hab\u00edan venido a Michoac\u00e1n, y no hab\u00edan venido a Michoac\u00e1n porque no consideraban que en Michoac\u00e1n hubiera una oportunidad industrial de inversi\u00f3n, una oportunidad diferente de inversi\u00f3n, y en el seguimiento a este foro, despu\u00e9s de este buen sabor de boca que se llevaron estos dos representantes, uno de ellos vendr\u00e1 este viernes, en una representaci\u00f3n del Reino Unido vienen a reunirse con el secretario de Seguridad y con la secretaria de Educaci\u00f3n, para ver temas de agenda bilateral, en temas de seguridad y educaci\u00f3n, \u00bfy qu\u00e9 es lo que quieren ellos? nos quieren conocer, qu\u00e9 estamos haciendo en Michoac\u00e1n, como ya lo han hecho en otros estados, como constantemente lo hicieron desde hace m\u00e1s de diez a\u00f1os en el estado de M\u00e9xico y que se pueden ver los resultados tangibles, ahora en Michoac\u00e1n tenemos esta estrategia, esta pol\u00edtica clara, de c\u00f3mo debemos atacar la atracci\u00f3n de inversi\u00f3n y el reconocimiento internacional para que vengan las empresas, si no estamos en la mente de lo empresarios no van a venir las empresas y el tema m\u00e1s importante, es que la siguiente semana van a venir 12 ministros de la Uni\u00f3n Europea, representando a 10 pa\u00edses de la Uni\u00f3n Europea, y son 12 ministros, que no son los embajadores pero son los ministros que dir\u00eda yo hacen la tarea, la tarea de encontrar nichos de oportunidad, estar\u00e1n representados pa\u00edses como Alemania, Austria, B\u00e9lgica, Eslovaquia, Espa\u00f1a, Finlandia, Francia, Irlanda, Rep\u00fablica Checa, Suecia y gente de la Uni\u00f3n Europea, y esto, quiero decirles que probablemente no tendremos alg\u00fan foro con este precedente, porque ellos no vienen, como a veces se viene, de visita o a encontrar alguna diversi\u00f3n, ellos vienen a hacer un trabajo econ\u00f3mico, a hacer un trabajo incluso de an\u00e1lisis del estado de Michoac\u00e1n, se entrevistar\u00e1n con el se\u00f1or gobernador, el licenciado Fausto Vallejo, con el cual tendr\u00e1n una reuni\u00f3n privada, estar\u00e1n con el presidente municipal, que les dar\u00e1 una bienvenida, pero tambi\u00e9n estar\u00e1n con el Congreso del Estado, y tambi\u00e9n estar\u00e1n con el procurador, con el presidente de la Comisi\u00f3n Estatal de Derechos Humanos, estar\u00e1n tambi\u00e9n con algunas organizaciones no gubernamentales que ellos nos est\u00e1n pidiendo, que nosotros en la Secretar\u00eda hemos estado registrando; con los empresarios y las universidades, quieren conocer a Michoac\u00e1n, quieren conocer que en Michoac\u00e1n qu\u00e9 es lo que est\u00e1 pasando, no vienen a ver qu\u00e9 es lo que van a invertir o c\u00f3mo van a invertir, vienen a conocernos para abrir esas posibilidades de negocios, para abrir esas posibilidades de inversi\u00f3n, pero tambi\u00e9n para proponer, porque es la agenda que debemos de encontrar como por ejemplo en educaci\u00f3n, como por ejemplo en agricultura, y eso es a lo que ellos vienen, a encontrar c\u00f3mo se encuentra Michoac\u00e1n porque este ejercicio lo hicieron en Puebla, ah\u00ed vino Audi, este ejercicio lo han hecho en Guanajuato, ah\u00ed vinieron empresas como General Motors y lo hicieron hace muchos a\u00f1os, nosotros estamos en camino de que vengan, ya que vengan es una gran ventaja para nosotros.<\/p>\n<p>De Alemania vienen tres representantes, es la primera vez que vienen tres representantes de Alemania, para ver las oportunidades de negocios, viene el ministro de Agricultura, viene el ministro de Econom\u00eda y el ministro general de la Embajada, y bueno con esa nota que para m\u00ed es algo muy importante que es consecuencia del Foro Econ\u00f3mico de L\u00e1zaro C\u00e1rdenas, que es lo que venimos repitiendo que los foros que estamos realizando, que las estrategias que estamos realizando\u00a0 no son para encontrar una soluci\u00f3n, para sacarnos una foto y para decir \u201cvinieron 7 embajadores\u201d, son consecuencias tangibles del seguimiento a lo que sucedi\u00f3 hace dos meses y que en Michoac\u00e1n vienen a visitarnos y que quieren encontrar un Michoac\u00e1n y escuchar todo tipo de opiniones.<\/p>\n<p><strong>Julio Hern\u00e1ndez Granados.-<\/strong> Antes de darle paso a las preguntas, perm\u00edtanme nada m\u00e1s redondearles y hacer una peque\u00f1a conclusi\u00f3n diciendo que hoy por hoy la mayor exigencia que tienen no solo los michoacanos sino los mexicanos, es el empleo, y crear condiciones propicias para el empleo no es s\u00f3lo obligaci\u00f3n del gobierno o de un gobierno, en este caso el estatal, sino de todos los niveles de gobierno y de todos los ciudadanos. Me parece que hoy por hoy todos somos corresponsables de que haya condiciones para que se generen empleos porque hay mucha gente all\u00e1 afuera que est\u00e1 pidiendo, que est\u00e1 exigiendo que haya fuentes de trabajo y yo espero que esto que es un compromiso de todos lo de crear empleos, sea asumido as\u00ed por cada una de las agrupaciones, organizaciones sociales, ciudadanos que convivimos en el estado de Michoac\u00e1n, porque de veras este estado necesita fuentes de trabajo y una de las mejores v\u00edas para tener fuentes de trabajo es incentivar la inversi\u00f3n privada evidentemente.<\/p>\n<p><strong>Pregunta.- <\/strong>Una pregunta secretario, la primera, va enfocada al proyecto de la Zona Franca que se plante\u00f3 durante varios a\u00f1os para el Puerto de L\u00e1zaro C\u00e1rdenas, en qu\u00e9 qued\u00f3 esta situaci\u00f3n, este proyecto de la Zona Franca, la Isla de La Palma, \u00bfen qu\u00e9 qued\u00f3? \u00bfse va despuntar? Y si eses modelo se puede aplicar en otras partes del estado, me refiero un poco al tema Silao aqu\u00ed un puerto interior en el estado y por otro lado, su expectativa de pol\u00edtica econ\u00f3mica con el pr\u00f3ximo gobierno de Enrique Pe\u00f1a Nieto.<\/p>\n<p><strong>Ricardo Mart\u00ednez Su\u00e1rez.-<\/strong>Sobre la primera pregunta yo quisiera darte un comparativo, Silao est\u00e1 dividido en dos, hay un parque industrial y hay una Zona Franca que es un recinto fiscalizado estrat\u00e9gico, hay una sola empresa en el recinto fiscalizado estrat\u00e9gico y hay m\u00e1s de 47 en el parque industrial. Sobre ese tema y volteando a ver lo que tenemos nosotros en L\u00e1zaro C\u00e1rdenas, nosotros nos encontramos cuando llegamos en febrero de este a\u00f1o, que existe un proyecto de un recinto fiscalizado que tiene un permiso de Hacienda, que sin embargo, durante los \u00faltimos 8 a\u00f1os no se ha cumplido con los requisitos que Hacienda ha solicitado, entonces mientras no cumplamos con estos requisitos no puede estar fiscalizado este recinto estrat\u00e9gico que adem\u00e1s est\u00e1 al lado de la aduana m\u00e1s grande del pa\u00eds, entonces tenemos un nicho de oportunidad que tenemos que aprovechar; y \u00bfqu\u00e9 sucede? Bueno pues encontrar los detalles de todo lo que vimos de este recinto fiscalizado, yo te puedo anunciar que en 2013 seguramente trabajando y con las instrucciones que nos ha dado el se\u00f1or gobernador, podr\u00e1 estar operativo en 2013 ya con todos los detalles; tenemos un proyecto que hemos venido trabajando para que ya est\u00e9 interconectado con la aduana y la Asociaci\u00f3n Portuaria Integral, que esa es la gran ventaja que tenemos.<\/p>\n<p>Y sobre el tema del licenciado Enrique Pe\u00f1a Nieto, sin duda alguna, uno de los grandes alicientes que tenemos y por lo que muchos creemos en este proyecto, estamos convencidos de que nos va ir de una manera bastante buena, es que \u00e9l firm\u00f3 compromisos durante la \u00e9poca de gobernador y los cumpli\u00f3, y el estado de Michoac\u00e1n fue el tercer estado que tuvo mayor n\u00famero de compromisos en el pa\u00eds y varios de ellos son de infraestructura, otros son acciones y estamos convencidos que durante el sexenio del licenciado Enrique Pe\u00f1a Nieto, las acciones y estos compromisos se van a cumplir y cumpli\u00e9ndose esos compromisos, pues estamos hablando de una inversi\u00f3n muy alta que va generar empleos en Michoac\u00e1n y va generar una inversi\u00f3n que va ser muy interesante de ver.<\/p>\n<p><strong>Pregunta.- \u00bf<\/strong>Cu\u00e1les ser\u00edan algunos de estos proyectos?<\/p>\n<p><strong>Ricardo Mart\u00ednez Su\u00e1rez.-<\/strong> Por comentarte, aparecen en la p\u00e1gina de internet de Enrique Pe\u00f1a Nieto pero yo te puedo dar algunos que son tambi\u00e9n compromisos del se\u00f1or gobernador como la carretera Sahuayo-Jiquilpan-entronque M\u00e9xico\/Guadalajara, como en la ciudad de Morelia, el mejoramiento del libramiento de la salida a Quiroga a la Salida a Salamanca; los hospitales Civil e Infantil, un hospital en Apatzing\u00e1n; pero tambi\u00e9n hay acciones como el mejoramiento del Sistema Producto Aguacate, de la porcicultura, en los pueblos ind\u00edgenas y yo creo que todo esto significa inversi\u00f3n adecuadamente relacionada.<\/p>\n<p><strong>Pregunta.- <\/strong>\u00bfQu\u00e9 integra la cartera a esta inversi\u00f3n de la Comunidad Europea? Y dos \u00bfcu\u00e1l ser\u00edan las estad\u00edsticas que tienen de inversi\u00f3n extranjera directa a la fecha?<\/p>\n<p><strong>Ricardo Mart\u00ednez Su\u00e1rez.-<\/strong> En el tema de la cartera, los va recibir el se\u00f1or gobernador, tienen reuni\u00f3n con el presidente municipal de Morelia. Los temas que van a tratar son los temas que ellos traigan, la verdad es que este es un foro, nosotros les vamos a exponer las ventajas agroindustriales que tenemos, la ventaja log\u00edstica sobre cualquier otro estado del pa\u00eds, como es el Puerto de L\u00e1zaro C\u00e1rdenas; las ventajas de mano de obra calificada con todos los estudiantes que tenemos en Michoac\u00e1n, tanto t\u00e9cnicos como profesionistas, las ventajas que tenemos de clima por ejemplo, las ventajas que tenemos en cuesti\u00f3n econ\u00f3mica, pero tambi\u00e9n en cuesti\u00f3n social, somos una ciudad y un estado cultural; tenemos una franja norte que se puede industrializar, como es La Piedad, Zamora, la parte de Sahuayo-Jiquilpan, como es la parte de Zacapu que ya existen algunas industrias, Uruapan, Morelia, Zit\u00e1cuaro; tenemos una parte media donde est\u00e1 Huetamo, Apatzing\u00e1n, Tepalcatepec, Coalcom\u00e1n, donde existe una gran industria agroindustrial, somos n\u00famero uno en muchos productos, todo eso les vamos a presentar.<\/p>\n<p><strong>Pregunta.- <\/strong>En cuanto a los n\u00fameros en inversi\u00f3n extranjera.<\/p>\n<p><strong>Ricardo Mart\u00ednez Su\u00e1rez.-<\/strong> Acabamos de firmar y lo acaba de anunciar el se\u00f1or gobernador, esta segunda terminal hasta por 900 millones de d\u00f3lares de inversi\u00f3n lo cual, yo estaba haciendo un comparativo de los \u00faltimos a\u00f1os por si hubiera algo parecido pero me parece que no hay nada, el a\u00f1o pasado hubo 33 millones de inversi\u00f3n directa extranjera en Michoac\u00e1n, de acuerdo a las cifras del INEGI y bueno con esto lo superamos por mucho y esta terminal no es solamente la inversi\u00f3n, sino lo que significa log\u00edsticamente, ahorita el puerto maneja 1.2 millones de contenedores, tiene un potencial hasta de 1.8 que probablemente se cumpla el siguiente a\u00f1o, llegaremos a 2.5 tal vez en 2015\u00a0 pero tendremos la opci\u00f3n de 3 millones m\u00e1s de contenedores en el 2015 cuando est\u00e9 lista la terminal, con lo cual, simplemente seremos el puerto n\u00famero uno del pa\u00eds.<\/p>\n<p><strong>Pregunta.- <\/strong>Secretario pinta un escenario muy bonito del estado pero sales a la calle y hay problemas sociales, hay una inseguridad importante, hay un crimen organizado latente, y bueno \u00bfesto de qu\u00e9 manera ha impacto en la imagen del estado? Sobre todo en la generaci\u00f3n de empleos. Porque bueno, de acuerdo a lo que t\u00fa me dices, suena muy bonito todo pero creo que no est\u00e1 bien.<\/p>\n<p><strong>Ricardo Mart\u00ednez Su\u00e1rez.-<\/strong> Los problemas sociales est\u00e1n vigentes, impactan negativamente\u00a0 todo lo que sucede en la calle, como tu dices impacta negativamente, la libertad de expresi\u00f3n tambi\u00e9n existe, sin embargo durante la \u00e9poca del Festival de Cine, existen manifestaciones especificas, donde los lugares, pues es una imagen que se toma negativamente y eso definitivamente un inversionista, que se puede poner en Guanajuato o Quer\u00e9taro, que quedan a una hora de aqu\u00ed, o se pueda poner en Morelia, pues lo toman en consideraci\u00f3n. Tenemos nosotros que brindar y mostrar una cara real de lo que es Michoac\u00e1n y las ventajas log\u00edsticas que tenemos y las ventajas econ\u00f3micas, en eso nos tenemos que basar para poder promocionar Michoac\u00e1n; si nosotros nos bas\u00e1ramos para promocionar la inversi\u00f3n en las situaciones sociales, que adem\u00e1s a veces son magnificadas en su realidad, pues ser\u00eda muy complicado si quiera tener una agenda de atracci\u00f3n de inversi\u00f3n.<\/p>\n<p><strong>Julio Hern\u00e1ndez Granados.-<\/strong>\u00a0 Por eso dec\u00edamos hace rato Arturo, si me permites complementar, este asunto es compromiso de todos, es decir, si logr\u00e1ramos que hubiera una conciencia real de quienes se manifiestan en las calles y cada vez que bloquean una carretera est\u00e1n propiciando que se pierdan oportunidades de empleo, yo creo que ya hubi\u00e9ramos avanzado much\u00edsimo los \u00faltimos a\u00f1os.\u00a0 Hay a veces un ego\u00edsmo terrible en las organizaciones sociales que piensan en su propio inter\u00e9s, en su propio beneficio y creen que con sus acciones afectan al gobierno, cuando a quienes afectan es a la gran mayor\u00eda de los ciudadanos, esto independientemente del gobierno.<strong><\/strong><\/p>\n<p><strong>Pregunta.-<\/strong>. Yo tengo varias preguntas que hacerles, una de ellas ya la contest\u00f3 c\u00f3mo iba a cerrar Michoac\u00e1n en cuanto a inversi\u00f3n, pero mi pregunta la cambiar\u00eda; esta terminal en una de sus terceras partes se va especializar en la carga de autom\u00f3viles para exportar.<\/p>\n<p><strong>Ricardo Mart\u00ednez Su\u00e1rez.-<\/strong> No, aclaro en eso, hay otra terminal, he estado viendo algunas notas en los peri\u00f3dicos sobre esto y no. Se licit\u00f3 una terminal especial automotriz, esta es una terminal general, y la que tu est\u00e1s mencionando es otra terminal, tiene por ah\u00ed un litigo, pero esta no, esta es una terminal general, de esas terminales que a nivel mundial se llaman cinco estrellas, o totales, que manejan absolutamente todo y que pueden, dir\u00eda yo, mover los contenedores completos de una Pospanam\u00e1, o sea de un generaci\u00f3n 7, en menos de cinco horas; entonces son dos temas diferentes.<\/p>\n<p><strong>Pregunta.-<\/strong> Entonces preguntarle sobre eso, c\u00f3mo va la regulaci\u00f3n de la mina en\u00a0 Angangueo y de la terminal precisamente si ahora que vengan los embajadores y funcionarios de otros pa\u00edses, se les pedir\u00e1 que abran el mercado, porque muchos de los productos tenemos un l\u00edmite de exportaci\u00f3n y de qu\u00e9 servir\u00eda esta terminal si no permiten ellos que se exporten m\u00e1s productos a sus pa\u00edses.<\/p>\n<p><strong>Ricardo Mart\u00ednez Su\u00e1rez.-<\/strong> Bueno de la Mina de Angangueo vamos bien, es una negociaci\u00f3n que estamos llevando conjuntamente con Grupo M\u00e9xico, a nosotros nos gusta anunciar las cosas cuando suceden, no cuando pensamos que puedan suceder, entonces va avanzado bastante bien, es lo que te pudiera decir; estamos bastante avanzados y yo creo que el se\u00f1or gobernador en su momento anunciar\u00e1 la situaci\u00f3n final de la mina de Angangueo, pero vamos bastante bien.<\/p>\n<p>En el otro tema, yo creo que uno de los temas de la\u00a0 terminal de contenedores, es que el mundo est\u00e1 cada d\u00eda m\u00e1s globalizado, que se tiene una producci\u00f3n de comercio mar\u00edtimo de un crecimiento continuo en los siguientes 30 a\u00f1os a nivel mundial a menos de que existiera alg\u00fan tipo de guerra, o situaci\u00f3n mundial, pero el comercio mar\u00edtimo seguir\u00e1 creciendo en n\u00fameros generales y que nosotros somos la puerta de Asia hacia M\u00e9xico, hacia Centroam\u00e9rica y hacia la costa Este de los Estados Unidos. Entonces, yo creo que m\u00e1s que abrir las fronteras a los productos, lo que va a seguir pasando es que los mexicanos seguiremos consumiendo, creciendo un producto interno y tambi\u00e9n los estadounidenses lo tendr\u00e1n, igual los canadienses y ah\u00ed es donde entra L\u00e1zaro C\u00e1rdenas, ahorita en el puerto de Manzanillo est\u00e1 en \u201cstand by\u201d, la espera, dura m\u00e1s de cinco o seis d\u00edas, porque est\u00e1 lleno; ellos tienen que pagar para crecer su puerto, nosotros tenemos la ventaja natural del Puerto de L\u00e1zaro C\u00e1rdenas, que tiene una profundidad de m\u00e1s de 18 metros, los actuales Pospanam\u00e1, los barcos tienen un calado de alrededor de 10-12 metros, y entonces no tenemos que dragar absolutamente nada y tenemos esa ventaja competitiva que debemos de mantener. Eso por eso que creemos que seguir\u00e1 creciendo, todas las predicciones lo marcan, y a\u00fan m\u00e1s que esa inversi\u00f3n danesa, europea, por mencionar que ahora que viene la gente de Europa que es el punto de la nota, vienen con la confianza de que en Michoac\u00e1n, se entrevistaron con el gobernador y despu\u00e9s de entrevistarse con el gobernador, a los 15 d\u00edas firmaron el convenio, ya hab\u00eda habido una licitaci\u00f3n, pero despu\u00e9s de entrevistarse, tuvieron la confianza y lo hicieron.<\/p>\n<p><strong>Pregunta.-<\/strong> Ha venido el embajador de la India y Corea del sur, y los ministros algunos, el de Colombia en L\u00e1zaro C\u00e1rdenas que estuvo con usted, no s\u00e9 si ya han tenido amarres de convenios con ellos, dado que ya en su visita analizaron algunas partes del estado, por ejemplo el de Colombia lo del huevo, que entr\u00f3 el huevo aqu\u00ed\u00a0 a Michoac\u00e1n; no s\u00e9 si ya han tenido acercamiento directos o intereses m\u00e1s propios.<\/p>\n<p><strong>Ricardo Mart\u00ednez Su\u00e1rez.-<\/strong> Yo he estado en contacto y la gente de la Secretar\u00eda y del gobierno del estado han estado en contacto con todos, con el embajador de la India, de hecho vino el D\u00eda de Muertos con su familia, no pidi\u00f3 ning\u00fan tipo de informaci\u00f3n, ni nada y estuvo aqu\u00ed de inc\u00f3gnito un rato, estuvo en Tzintzuntzan, estuvo aqu\u00ed en Morelia y se fue maravillado. Me he estado poniendo en contacto con las empresas automotrices de la India, con las empresas farmac\u00e9uticas de la India que quieren venir a M\u00e9xico y queremos ser primera mano en promocionar a Michoac\u00e1n.<\/p>\n<p>La gente de Corea: el embajador nos puso a la tercera empresa m\u00e1s importante de Corea, es una empresa que tiene indicios de que quiere invertir en energ\u00edas renovables, ya nos sentamos con ellos, y la gente de Colombia, a parte del huevo, ellos nos han estado marcando seguido para venir a Michoac\u00e1n y han venido seguido; es diferente la din\u00e1mica, pero estamos en constante contacto. En Colombia lo que ellos est\u00e1n queriendo hace es importar, pero tambi\u00e9n quieren inversi\u00f3n mexicana. Hemos estado trabajando con los empresarios de Michoac\u00e1n para ver qu\u00e9 posibilidades hay de inversi\u00f3n michoacana en Colombia y tambi\u00e9n posibilidad de comercio con el Puerto de L\u00e1zaro C\u00e1rdenas y con Michoac\u00e1n aqu\u00ed en M\u00e9xico.<\/p>\n<p><strong>Pregunta.-<\/strong> No recuerdo qu\u00e9 ministro pero tambi\u00e9n hab\u00eda un exhorto para aperturar las becas esto que menciona de la educaci\u00f3n, no s\u00e9 si ya tambi\u00e9n platicaron con la secretaria de Educaci\u00f3n.<\/p>\n<p><strong>Ricardo Mart\u00ednez Su\u00e1rez.-<\/strong> Es el de Reino Unido y va a venir este viernes; tiene agenda con el secretaria de Educaci\u00f3n y con el secretario de Seguridad, ser\u00eda este viernes precisamente para eso, para ver los temas de los programas que se podr\u00edan implementar junto con la embajada de Reino Unido y por ejemplo en Toluca a 17 escuelas se les da clases de ingl\u00e9s gratuitas a todos los ni\u00f1os, derivado de un programa que se tiene con la Embajada del Reino Unido, ojal\u00e1 pudi\u00e9ramos encontrar en Michoac\u00e1n posibilidades de esto, es una agenda que se tiene que trabajar.<\/p>\n<p>&nbsp;<\/p>\n<p><strong>Pregunta.-<\/strong> Su opini\u00f3n obviamente en t\u00e9rminos econ\u00f3micos del sexenio que termina, la secretaria de Turismo afirm\u00f3 en Tzintzuntzan que a lo largo de estos 6 a\u00f1os se trajeron mil millones al estado, \u00bfqu\u00e9 percepci\u00f3n tienen ustedes acerca de estas declaraciones?<\/p>\n<p>&nbsp;<\/p>\n<p><strong>Ricardo Mart\u00ednez Su\u00e1rez.-<\/strong> Creo que el sexenio que va terminando tuvo como ustedes vieron una estabilidad macroecon\u00f3mica importante, la gran pregunta es \u00bfd\u00f3nde est\u00e1 el impacto en la gente? porque tenemos la mayor cantidad de reservas en M\u00e9xico en la historia, pero el circulante y los salarios no han crecido de una manera importante; creo que con una nueva imaginaci\u00f3n esta nueva administraci\u00f3n del licenciado Enrique Pe\u00f1a Nieto debe de encontrar la manera de poder darle soluci\u00f3n e incentivar los empleos como dec\u00eda Julio para todos los mexicanos, ese ser\u00eda el balance.<\/p>\n<p>&nbsp;<\/p>\n<p><strong>Pregunta.-<\/strong> A unos d\u00edas del cierre de este gobierno federal \u00bfsi hay recursos por ejercer o si hubo sub ejercicio, recursos de a\u00f1os anteriores en la Secretar\u00eda de Desarrollo Econ\u00f3mico?, \u00bfse cierra a tiempo? Dec\u00eda en el discurso que dio en la inauguraci\u00f3n de la Expovall que Felipe Calder\u00f3n hab\u00eda sido un aliado \u00bfen qu\u00e9 consisti\u00f3 esta alianza en t\u00e9rminos econ\u00f3micos?<\/p>\n<p>&nbsp;<\/p>\n<p><strong>Ricardo Mart\u00ednez Su\u00e1rez.-<\/strong> N\u00famero uno, sobre el sub ejercicio del a\u00f1o pasado sali\u00f3 una nota de la Auditor\u00eda Superior de Michoac\u00e1n, que no se utiliz\u00f3 todo el recurso asignado a la Secretar\u00eda, nosotros este a\u00f1o estamos empujando para poder invertir m\u00e1s o ejercer m\u00e1s, sin embargo la situaci\u00f3n econ\u00f3mica no nos da esa posibilidad. Tenemos un decreto que emiti\u00f3 el se\u00f1or gobernador con un ahorro del 20 por ciento y ese ahorro del 20 por ciento no solamente es en gasto fijo o lo que dir\u00eda yo en los cap\u00edtulos de mil a 5 mil, sino tambi\u00e9n en el 6 mil donde tenemos que encontrar maneras de invertir. Pensamos que en el a\u00f1o 2012 no tendremos un sub ejercicio sino estaremos cumpliendo el 20 por ciento de ahorro que marca el decreto.<\/p>\n<p>&nbsp;<\/p>\n<p><strong>Pregunta.-<\/strong> \u00bfEjecutaron todos los recursos que se destinaron para este a\u00f1o?<\/p>\n<p>&nbsp;<\/p>\n<p><strong>Ricardo Mart\u00ednez Su\u00e1rez.-<\/strong> No te podr\u00eda contestar el total, porque todav\u00eda el d\u00eda viernes nos asignaron 15 millones m\u00e1s de Fondo Pyme y esta semana todav\u00eda hay otra reuni\u00f3n donde esperamos poder bajar m\u00e1s recursos de Fondo Pyme, fondos que est\u00e1n siendo aprobados a finales de noviembre y que no podemos ejercer del primero de diciembre al 31 de diciembre, es imposible.<\/p>\n<p>&nbsp;<\/p>\n<p><strong>Pregunta.-<\/strong> Pero el cierre de la administraci\u00f3n federal no afecta&#8230;<\/p>\n<p>&nbsp;<\/p>\n<p><strong>Ricardo Mart\u00ednez Su\u00e1rez.- <\/strong>No afecta, en ese tema y segundo, yo creo que Felipe Calder\u00f3n hizo un esfuerzo importante desde su punto de vista, desde su \u00f3ptica por Michoac\u00e1n, el tema de carreteras, hospitales, de inversi\u00f3n en Seguro Popular, yo creo que los n\u00fameros ah\u00ed est\u00e1n, la pregunta es c\u00f3mo el estado los aplic\u00f3 tambi\u00e9n \u00bfno? Digo porque ah\u00ed tendr\u00edamos que valorar.<\/p>\n<p>&nbsp;<\/p>\n<p><strong>Julio Hern\u00e1ndez Granados.- <\/strong>Si me permite el secretario como complemento de este asunto, Michoac\u00e1n pas\u00f3 de ser el a\u00f1o pasado el estado n\u00famero 32 en lo que se refiere a atracci\u00f3n de apoyos federales para desarrollo econ\u00f3mico, a ser este a\u00f1o el n\u00famero\u2026<\/p>\n<p>&nbsp;<\/p>\n<p><strong>Ricardo Mart\u00ednez Su\u00e1rez.-<\/strong> En dos de cuatro de los programas somos el n\u00famero uno, en Prologyca y en Mejora Regulatoria.<\/p>\n<p>&nbsp;<\/p>\n<p><strong>Julio Hern\u00e1ndez Granados.-<\/strong> Entonces es identificar aquellos programas federales que pueden ayudar y generar inversi\u00f3n en Michoac\u00e1n y atraerlos para que se apliquen, y este a\u00f1o en ese sentido cumpli\u00f3 bien la Secretar\u00eda de Desarrollo Econ\u00f3mico.<\/p>\n<p>&nbsp;<\/p>\n<p><strong>Pregunta.-<\/strong> Hasta ahora se ha hablado de macro econom\u00eda, de inversionistas extranjeros \u00bfqu\u00e9 se est\u00e1 haciendo en materia de autoempleo, de micronegocios? como en un tiempo se tuvo programas espec\u00edficos para los micronegocios, sobre todo para iniciar peque\u00f1os negocios.<\/p>\n<p>&nbsp;<\/p>\n<p><strong>Ricardo Mart\u00ednez Su\u00e1rez.- <\/strong>Tenemos un programa que se llama de Autoempleo y se encuentra en la Direcci\u00f3n del Empleo que es parte de la Secretar\u00eda de Desarrollo Econ\u00f3mico, tenemos tambi\u00e9n lo que son las Ferias del Empleo pero tambi\u00e9n los apoyos que hemos hecho, tenemos invertidos m\u00e1s de 8 millones en la Meseta Pur\u00e9pecha por dar un ejemplo y se ha ejercido alrededor de los 65 \u00f3 66 millones de pesos conjuntamente con la Federaci\u00f3n en esos programas de B\u00e9cate, Autoempleo y Movilidad Laboral. El a\u00f1o pasado en algunos de estos programas est\u00e1bamos en el lugar 18, en este a\u00f1o en total con la Secretar\u00eda del Trabajo terminaremos dentro de los 10 primeros.<\/p>\n<p>&nbsp;<\/p>\n<p><strong>Pregunta.-<\/strong> En fondo Pyme no hab\u00eda el recurso del estado, la contraparte para poder bajar los recursos de la federaci\u00f3n \u00bfya est\u00e1 regularizado y cu\u00e1ntos proyectos se tendr\u00edan?<\/p>\n<p>&nbsp;<\/p>\n<p><strong>Ricardo Mart\u00ednez Su\u00e1rez.-<\/strong> Te tendr\u00eda que dar los n\u00fameros de proyectos ahora que termine el Fondo Pyme que no lo tenemos, todav\u00eda va a haber una reuni\u00f3n esta semana donde esperamos que nos aprueben m\u00e1s proyectos, pero sobre el tema de los recursos estatales, la administraci\u00f3n del licenciado Fausto Vallejo ha hecho un esfuerzo muy preciso de no empezar a combinar como se combinaban previamente recursos de un lado y para el otro. Lo que tenemos etiquetado ya lo hemos mostrado a la federaci\u00f3n y esperamos que la federaci\u00f3n ahora nos deposite.<\/p>\n<p>&nbsp;<\/p>\n<p><strong>Pregunta.-<\/strong> \u00bfCu\u00e1nto es el total del Fondo Pyme, son los 15 millones de pesos?<\/p>\n<p>&nbsp;<\/p>\n<p><strong>Ricardo Mart\u00ednez Su\u00e1rez.-<\/strong> \u00bfCu\u00e1les 15 millones de pesos?<\/p>\n<p>&nbsp;<\/p>\n<p><strong>Pregunta.- <\/strong>Los que les acaban de llegar.<\/p>\n<p>&nbsp;<\/p>\n<p><strong>Ricardo Mart\u00ednez Su\u00e1rez.-<\/strong> No nos llegaron, los asignaron, estamos hablando de una inversi\u00f3n total, si nos aprueban todo, por arriba de los 200 millones de pesos y de nosotros 40 solamente, o sea llegar\u00edamos con una inversi\u00f3n de nosotros de 40 millones de pesos que es el acuerdo, ejerci\u00e9ndolo al cien por ciento y estaremos potencializ\u00e1ndolo a m\u00e1s de 200 millones de pesos de inversi\u00f3n.<\/p>\n<p>&nbsp;<\/p>\n<p><strong>Pregunta.-<\/strong> \u00bfPero a cu\u00e1ntos proyectos equivaldr\u00eda?<\/p>\n<p>&nbsp;<\/p>\n<p><strong>Ricardo Mart\u00ednez Su\u00e1rez.-<\/strong> Si sumamos todos los que han sido de Fondo Pyme que entra S\u00ed Financia, Turismo y que entra Secretar\u00eda de Desarrollo Econ\u00f3mico donde nosotros somos los que coordinamos, estar\u00edamos hablando de m\u00e1s de 20 proyectos, bueno casi 30.<\/p>\n<p>&nbsp;<\/p>\n<p><strong>Pregunta.-<\/strong> \u00bfCu\u00e1l ser\u00eda el balance general de logros alcanzados en 2012 y qu\u00e9 viene para 2013?<\/p>\n<p>&nbsp;<\/p>\n<p><strong>Ricardo Mart\u00ednez Su\u00e1rez.-<\/strong> Creo que en 2012 el balance es positivo en cuanto a la gesti\u00f3n de recursos, es positivo a una reactivaci\u00f3n de inversi\u00f3n y yo creo que nos hace falta todav\u00eda mucho en Michoac\u00e1n, no podemos hablar de \u201cAlicia en el pa\u00eds de las maravillas\u201d de esta situaci\u00f3n, hay mucho alcance que hacer, sin embargo estamos en el camino correcto y esperemos que en el 2013 con la nueva administraci\u00f3n federal exista la liquidez suficiente para apoyar a Michoac\u00e1n y poder reactivar la econom\u00eda michoacana a\u00fan m\u00e1s, el atraer empresas, que los michoacanos vuelvan a reinvertir en la entidad como se ha hecho en 2012, es una tarea a\u00fan m\u00e1s complicada cuando no se tienen recursos, entonces yo dir\u00eda que el balance es positivo en la administraci\u00f3n del licenciado Fausto.\u00a0 Gracias.<\/p>\n","protected":false},"excerpt":{"rendered":"<p>Creo que tenemos nota, sobre todo nota positiva porque como ustedes saben en medio de la crisis financiera, que ha vivido el estado de Michoac\u00e1n este a\u00f1o, una de las prioridades que estableci\u00f3 el gobernador del estado es seguir impulsando con todo la actividad econ\u00f3mica para que no hubiera un descenso en el n\u00famero de [&hellip;]<\/p>\n","protected":false},"author":1,"featured_media":0,"comment_status":"open","ping_status":"open","sticky":false,"template":"","format":"standard","meta":{"footnotes":""},"categories":[3],"tags":[],"class_list":["post-425","post","type-post","status-publish","format-standard","hentry","category-gobierno-del-estado-de-michoacan"],"_links":{"self":[{"href":"https:\/\/radiowebmx.com\/nota\/wp-json\/wp\/v2\/posts\/425","targetHints":{"allow":["GET"]}}],"collection":[{"href":"https:\/\/radiowebmx.com\/nota\/wp-json\/wp\/v2\/posts"}],"about":[{"href":"https:\/\/radiowebmx.com\/nota\/wp-json\/wp\/v2\/types\/post"}],"author":[{"embeddable":true,"href":"https:\/\/radiowebmx.com\/nota\/wp-json\/wp\/v2\/users\/1"}],"replies":[{"embeddable":true,"href":"https:\/\/radiowebmx.com\/nota\/wp-json\/wp\/v2\/comments?post=425"}],"version-history":[{"count":1,"href":"https:\/\/radiowebmx.com\/nota\/wp-json\/wp\/v2\/posts\/425\/revisions"}],"predecessor-version":[{"id":426,"href":"https:\/\/radiowebmx.com\/nota\/wp-json\/wp\/v2\/posts\/425\/revisions\/426"}],"wp:attachment":[{"href":"https:\/\/radiowebmx.com\/nota\/wp-json\/wp\/v2\/media?parent=425"}],"wp:term":[{"taxonomy":"category","embeddable":true,"href":"https:\/\/radiowebmx.com\/nota\/wp-json\/wp\/v2\/categories?post=425"},{"taxonomy":"post_tag","embeddable":true,"href":"https:\/\/radiowebmx.com\/nota\/wp-json\/wp\/v2\/tags?post=425"}],"curies":[{"name":"wp","href":"https:\/\/api.w.org\/{rel}","templated":true}]}}