{"id":4246,"date":"2013-10-25T11:32:55","date_gmt":"2013-10-25T16:32:55","guid":{"rendered":"https:\/\/radiowebmx.com\/nota\/?p=4246"},"modified":"2013-10-25T11:32:55","modified_gmt":"2013-10-25T16:32:55","slug":"michoacan-estado-que-respeta-los-derechos-humanos-secretario-de-educacion","status":"publish","type":"post","link":"https:\/\/radiowebmx.com\/nota\/michoacan-estado-que-respeta-los-derechos-humanos-secretario-de-educacion\/","title":{"rendered":"MICHOAC\u00c1N, ESTADO QUE RESPETA LOS DERECHOS HUMANOS: SECRETARIO DE EDUCACI\u00d3N"},"content":{"rendered":"<p><a href=\"https:\/\/radiowebmx.com\/nota\/wp-content\/uploads\/2013\/10\/4Q4A0660.jpg\"><img loading=\"lazy\" decoding=\"async\" class=\"alignleft size-full wp-image-4247\" alt=\"4Q4A0660\" src=\"https:\/\/radiowebmx.com\/nota\/wp-content\/uploads\/2013\/10\/4Q4A0660.jpg\" width=\"591\" height=\"281\" \/><\/a>Michoac\u00e1n es un estado que respeta los derechos humanos porque son fundamentales para la viabilidad de un pueblo civilizado, se\u00f1al\u00f3 el secretario de Educaci\u00f3n en la entidad, J. Jes\u00fas Sierra Arias, ante el Primer Ministro de la Embajada de Holanda en M\u00e9xico, Japp Veerman, durante el Primer Encuentro Bicultural Michoac\u00e1n-Holanda.<\/p>\n<p>Al hacer la inauguraci\u00f3n en representaci\u00f3n del gobernador Fausto Vallejo Figueroa, el secretario de Educaci\u00f3n enfatiz\u00f3 que \u201cno existe viabilidad en un pueblo civilizado si no hay el respeto a los derechos humanos, el aprecio por la norma y la idea de una colectividad que desea progresar\u201d.<\/p>\n<p>Ante el Primer Ministro de la Embajada, Japp Veerman y del secretario General de la Universidad Michoacana de San Nicol\u00e1s de Hidalgo, Egberto Bedolla Becerril, Sierra Arias coincidi\u00f3 con las palabras del diplom\u00e1tico holand\u00e9s, al destacar que Michoac\u00e1n tiene muchos elementos que demuestran su potencialidad, como es el Puerto de L\u00e1zaro C\u00e1rdenas al ser uno de los m\u00e1s importantes de Am\u00e9rica Latina.<\/p>\n<p>Tambi\u00e9n expres\u00f3 que el estado cuenta con una variedad y riqueza natural, con valles, climas y un campo propicio para cualquier tipo de empleo.<\/p>\n<p>Tambi\u00e9n consider\u00f3 que los michoacanos tienen especial aprecio por lo intercultural y con estas actividades se demuestra el ferviente inter\u00e9s de conocer y compartir las manifestaciones culturales de los Pa\u00edses Bajos.<\/p>\n<p>Este evento fue organizado por la Asociaci\u00f3n Civil Poder Mujer Michoacana, presidida por Omega V\u00e1zquez Reyes y por la directora de Intercambio Michoac\u00e1n- Holanda del Instituto de Investigaci\u00f3n para la Salud Bio-Emocional (IISBE), Lia Bijnsdorp Deenen, quienes destacaron que tanto la UMNSH, el Gobierno del Estado y el Ayuntamiento de Morelia, ofrecen a Holanda toda su hospitalidad y riqueza de la entidad.<\/p>\n<p>En su momento, la directora de Intercambio dijo que este evento permitir\u00e1 compartir actividades culturales y acad\u00e9micas desde el 21 al 25 de octubre, as\u00ed como foros y espacios para generar enlaces e intercambios econ\u00f3micos y tecnol\u00f3gicos.<\/p>\n<p>Manifest\u00f3 que en el IISBE A.C. han trabajado arduamente en Michoac\u00e1n desde hace varios a\u00f1os promoviendo intercambios y vinculaciones con Holanda, a trav\u00e9s de programas y actividades de muchas \u00e1reas y disciplinas.<\/p>\n<p>Dentro de las actividades que se desarrollar\u00e1n en este Primer Encuentro Bilateral Michoac\u00e1n-Holanda, se encuentra un Foro de Comercio Justo, una Expo Holanda, concursos de arte y dise\u00f1o, conferencias, exposiciones art\u00edsticas, vinculaci\u00f3n de instituciones para intercambio de conocimientos, y muchos atractivos para que el p\u00fablico acuda y conozca m\u00e1s sobre la cultura de los Pa\u00edses Bajos.<\/p>\n<p>&nbsp;<\/p>\n<p>&nbsp;<\/p>\n<p align=\"center\"><b>\u00a0<\/b><\/p>\n","protected":false},"excerpt":{"rendered":"<p>Michoac\u00e1n es un estado que respeta los derechos humanos porque son fundamentales para la viabilidad de un pueblo civilizado, se\u00f1al\u00f3 el secretario de Educaci\u00f3n en la entidad, J. Jes\u00fas Sierra Arias, ante el Primer Ministro de la Embajada de Holanda en M\u00e9xico<\/p>\n","protected":false},"author":1,"featured_media":0,"comment_status":"open","ping_status":"open","sticky":false,"template":"","format":"standard","meta":{"footnotes":""},"categories":[14,3],"tags":[],"class_list":["post-4246","post","type-post","status-publish","format-standard","hentry","category-destacadas","category-gobierno-del-estado-de-michoacan"],"_links":{"self":[{"href":"https:\/\/radiowebmx.com\/nota\/wp-json\/wp\/v2\/posts\/4246","targetHints":{"allow":["GET"]}}],"collection":[{"href":"https:\/\/radiowebmx.com\/nota\/wp-json\/wp\/v2\/posts"}],"about":[{"href":"https:\/\/radiowebmx.com\/nota\/wp-json\/wp\/v2\/types\/post"}],"author":[{"embeddable":true,"href":"https:\/\/radiowebmx.com\/nota\/wp-json\/wp\/v2\/users\/1"}],"replies":[{"embeddable":true,"href":"https:\/\/radiowebmx.com\/nota\/wp-json\/wp\/v2\/comments?post=4246"}],"version-history":[{"count":2,"href":"https:\/\/radiowebmx.com\/nota\/wp-json\/wp\/v2\/posts\/4246\/revisions"}],"predecessor-version":[{"id":4249,"href":"https:\/\/radiowebmx.com\/nota\/wp-json\/wp\/v2\/posts\/4246\/revisions\/4249"}],"wp:attachment":[{"href":"https:\/\/radiowebmx.com\/nota\/wp-json\/wp\/v2\/media?parent=4246"}],"wp:term":[{"taxonomy":"category","embeddable":true,"href":"https:\/\/radiowebmx.com\/nota\/wp-json\/wp\/v2\/categories?post=4246"},{"taxonomy":"post_tag","embeddable":true,"href":"https:\/\/radiowebmx.com\/nota\/wp-json\/wp\/v2\/tags?post=4246"}],"curies":[{"name":"wp","href":"https:\/\/api.w.org\/{rel}","templated":true}]}}