{"id":4243,"date":"2013-10-25T11:27:22","date_gmt":"2013-10-25T16:27:22","guid":{"rendered":"https:\/\/radiowebmx.com\/nota\/?p=4243"},"modified":"2013-10-25T11:27:22","modified_gmt":"2013-10-25T16:27:22","slug":"capacitara-icatmi-a-mujeres-de-uruapan-y-morelia-para-prevenir-el-delito","status":"publish","type":"post","link":"https:\/\/radiowebmx.com\/nota\/capacitara-icatmi-a-mujeres-de-uruapan-y-morelia-para-prevenir-el-delito\/","title":{"rendered":"CAPACITAR\u00c1 ICATMI A MUJERES DE URUAPAN Y MORELIA PARA PREVENIR EL DELITO"},"content":{"rendered":"<p><a href=\"https:\/\/radiowebmx.com\/nota\/wp-content\/uploads\/2013\/10\/DSC01172.jpg\"><img loading=\"lazy\" decoding=\"async\" class=\"alignleft size-full wp-image-4244\" alt=\"DSC01172\" src=\"https:\/\/radiowebmx.com\/nota\/wp-content\/uploads\/2013\/10\/DSC01172.jpg\" width=\"1613\" height=\"794\" \/><\/a>El director general del Instituto de Capacitaci\u00f3n para el Trabajo del Estado de Michoac\u00e1n (ICATMI)), Jos\u00e9 Bert\u00edn Cornejo Mart\u00ednez, firm\u00f3 un convenio de colaboraci\u00f3n con el secretario ejecutivo del Consejo Estatal de Seguridad P\u00fablica del Estado de Michoac\u00e1n, Armando Ballinas May\u00e9s, con la finalidad de capacitar a mujeres de los municipios de Uruapan y Morelia.<\/p>\n<p>&nbsp;<\/p>\n<p>Cornejo Mart\u00ednez se\u00f1al\u00f3 que dentro de las acciones emprendidas por la administraci\u00f3n que encabeza el gobernador Fausto Vallejo Figueroa, es ayudar a las diferentes instituciones en recomponer el tejido social y prevenir el delito.<\/p>\n<p>&nbsp;<\/p>\n<p>Por ello, apunt\u00f3, el Icatmi signa este convenio de colaboraci\u00f3n para capacitar a mujeres de los municipios de Uruapan y Morelia, en especialidades como instalaciones hidrosanitarias y de gas; instalaciones el\u00e9ctricas, reparaci\u00f3n de aparatos el\u00e9ctricos, herrer\u00eda art\u00edstica b\u00e1sica, balconer\u00eda contempor\u00e1nea y mantenimiento preventivo y correctivo de computadoras.<\/p>\n<p>&nbsp;<\/p>\n<p>As\u00ed mismo, Cornejo Mart\u00ednez, reiter\u00f3 su compromiso de seguir llevando la capacitaci\u00f3n a todos los rincones del estado, y con sentido social, como este programa de capacitaci\u00f3n para la prevenci\u00f3n del delito.<\/p>\n<p>&nbsp;<\/p>\n<p>En la segunda etapa, afirm\u00f3 Bert\u00edn Cornejo, este programa se ampliar\u00e1 a los municipios de Tar\u00edmbaro y Zit\u00e1cuaro, que de acuerdo a cifras del propio Consejo de Seguridad P\u00fablica, son considerados con altos \u00edndices de inseguridad.<\/p>\n<p>&nbsp;<\/p>\n<p>Por su parte, Armando Ballinas May\u00e9s, secretario ejecutivo del Consejo de Seguridad P\u00fablica, se\u00f1al\u00f3 que las actividades de su dependencia, van encaminadas a buscar los mecanismos de prevenci\u00f3n del delito en cualquiera de sus modalidades y por ello, tener ocupadas a las mujeres con cursos reconocidos por el Icatmi.<\/p>\n<p>&nbsp;<\/p>\n<p>Ballinas May\u00e9s, agreg\u00f3 que los recursos destinados a este programa provienen de la Federaci\u00f3n y ya est\u00e1n disponibles para ser ejecutados de manera inmediata en los municipios antes se\u00f1alados hasta por 500 mil pesos.<\/p>\n<p>&nbsp;<\/p>\n<p>El secretario ejecutivo del Consejo de Seguridad P\u00fablica, adelant\u00f3 que dentro de los beneficios directos a recibir por parte de los egresados de este curso, es que se puedan incorporar de inmediato al sector productivo.<\/p>\n","protected":false},"excerpt":{"rendered":"<p>El director general del Instituto de Capacitaci\u00f3n para el Trabajo del Estado de Michoac\u00e1n (ICATMI)), Jos\u00e9 Bert\u00edn Cornejo Mart\u00ednez, firm\u00f3 un convenio de colaboraci\u00f3n con el secretario ejecutivo del Consejo Estatal de Seguridad P\u00fablica del Estado de Michoac\u00e1n, <\/p>\n","protected":false},"author":1,"featured_media":0,"comment_status":"open","ping_status":"open","sticky":false,"template":"","format":"standard","meta":{"footnotes":""},"categories":[14,3],"tags":[],"class_list":["post-4243","post","type-post","status-publish","format-standard","hentry","category-destacadas","category-gobierno-del-estado-de-michoacan"],"_links":{"self":[{"href":"https:\/\/radiowebmx.com\/nota\/wp-json\/wp\/v2\/posts\/4243","targetHints":{"allow":["GET"]}}],"collection":[{"href":"https:\/\/radiowebmx.com\/nota\/wp-json\/wp\/v2\/posts"}],"about":[{"href":"https:\/\/radiowebmx.com\/nota\/wp-json\/wp\/v2\/types\/post"}],"author":[{"embeddable":true,"href":"https:\/\/radiowebmx.com\/nota\/wp-json\/wp\/v2\/users\/1"}],"replies":[{"embeddable":true,"href":"https:\/\/radiowebmx.com\/nota\/wp-json\/wp\/v2\/comments?post=4243"}],"version-history":[{"count":1,"href":"https:\/\/radiowebmx.com\/nota\/wp-json\/wp\/v2\/posts\/4243\/revisions"}],"predecessor-version":[{"id":4245,"href":"https:\/\/radiowebmx.com\/nota\/wp-json\/wp\/v2\/posts\/4243\/revisions\/4245"}],"wp:attachment":[{"href":"https:\/\/radiowebmx.com\/nota\/wp-json\/wp\/v2\/media?parent=4243"}],"wp:term":[{"taxonomy":"category","embeddable":true,"href":"https:\/\/radiowebmx.com\/nota\/wp-json\/wp\/v2\/categories?post=4243"},{"taxonomy":"post_tag","embeddable":true,"href":"https:\/\/radiowebmx.com\/nota\/wp-json\/wp\/v2\/tags?post=4243"}],"curies":[{"name":"wp","href":"https:\/\/api.w.org\/{rel}","templated":true}]}}