{"id":4240,"date":"2013-10-25T11:23:58","date_gmt":"2013-10-25T16:23:58","guid":{"rendered":"https:\/\/radiowebmx.com\/nota\/?p=4240"},"modified":"2013-10-25T11:23:58","modified_gmt":"2013-10-25T16:23:58","slug":"dif-nacional-resalta-labor-de-cadi%c2%b4s-en-el-estado-de-michoacan","status":"publish","type":"post","link":"https:\/\/radiowebmx.com\/nota\/dif-nacional-resalta-labor-de-cadi%c2%b4s-en-el-estado-de-michoacan\/","title":{"rendered":"DIF NACIONAL RESALTA LABOR DE CADI\u00b4S EN EL ESTADO DE MICHOAC\u00c1N"},"content":{"rendered":"<p>Los Centros de Atenci\u00f3n y Desarrollo Infantil (CADI\u00b4s), pertenecientes al Sistema para el Desarrollo Integral de la Familia (DIF) Michoac\u00e1n, cuentan con espacios adecuados y un programa que garantiza la atenci\u00f3n y educaci\u00f3n de los ni\u00f1os, asegur\u00f3 Eliza Hern\u00e1ndez Flores, subdirectora de Evaluaci\u00f3n de la Direcci\u00f3n General de Protecci\u00f3n a la Infancia del Sistema DIF Nacional.<\/p>\n<p>A nombre de la presidenta del DIF Estatal, Patricia Mora de Vallejo, y la directora general del Sistema DIF Michoac\u00e1n, Nelly Sastr\u00e9 Gasca, la directora de Asistencia e Integraci\u00f3n Social, Tzitlali Montejano Monroy, realiz\u00f3 un recorrido por los centros que se encuentran en la ciudad de Morelia, junto con la representante del DIF Nacional, con la finalidad de mostrarle el trabajo que se ha fortalecido en la actual administraci\u00f3n, con espacios id\u00f3neos para el aprendizaje y entretenimiento de los peque\u00f1os.<\/p>\n<p>Cabe mencionar que el Sistema DIF Michoac\u00e1n cuenta con 7 CADI\u00b4s en el estado, 2 ubicados en L\u00e1zaro C\u00e1rdenas y 5 localizados en la capital michoacana. En total atiende a m\u00e1s de mil ni\u00f1os entre los 6 meses y los 6 a\u00f1os de edad.<\/p>\n<p>Durante el recorrido, Montejano Monroy enfatiz\u00f3 que en los \u00faltimos a\u00f1os se ha hecho una adecuaci\u00f3n de espacios, y se ha comenzado con la certificaci\u00f3n de los centros, con el objetivo de reconocer la eficacia de los recintos.<\/p>\n<p>Al respecto, Eliza Hern\u00e1ndez Flores, agradeci\u00f3 el recibimiento de las autoridades estatales y dijo que a comparaci\u00f3n de otras entidades, en Michoac\u00e1n se cuenta con espacios amplios y acondicionados para la atenci\u00f3n infantil.<\/p>\n<p>En su visita subray\u00f3 que se trabaja en coordinaci\u00f3n con la entidad para atender las necesidades f\u00edsicas y de capacitaci\u00f3n, por lo que se dar\u00e1 continuidad a las supervisiones que se han efectuado a la fecha.<\/p>\n<p>Finalmente, Montejano Monroy enfatiz\u00f3 que es prioridad de la directora y de la presidenta, mantener un trabajo de calidad y una sensibilidad en la atenci\u00f3n, ya que est\u00e1 enfocada a la poblaci\u00f3n vulnerable.<\/p>\n","protected":false},"excerpt":{"rendered":"<p>Los Centros de Atenci\u00f3n y Desarrollo Infantil (CADI\u00b4s), pertenecientes al Sistema para el Desarrollo Integral de la Familia (DIF) Michoac\u00e1n, cuentan con espacios adecuados y un programa que garantiza la atenci\u00f3n y educaci\u00f3n de los ni\u00f1os,<\/p>\n","protected":false},"author":1,"featured_media":0,"comment_status":"open","ping_status":"open","sticky":false,"template":"","format":"standard","meta":{"footnotes":""},"categories":[3],"tags":[],"class_list":["post-4240","post","type-post","status-publish","format-standard","hentry","category-gobierno-del-estado-de-michoacan"],"_links":{"self":[{"href":"https:\/\/radiowebmx.com\/nota\/wp-json\/wp\/v2\/posts\/4240","targetHints":{"allow":["GET"]}}],"collection":[{"href":"https:\/\/radiowebmx.com\/nota\/wp-json\/wp\/v2\/posts"}],"about":[{"href":"https:\/\/radiowebmx.com\/nota\/wp-json\/wp\/v2\/types\/post"}],"author":[{"embeddable":true,"href":"https:\/\/radiowebmx.com\/nota\/wp-json\/wp\/v2\/users\/1"}],"replies":[{"embeddable":true,"href":"https:\/\/radiowebmx.com\/nota\/wp-json\/wp\/v2\/comments?post=4240"}],"version-history":[{"count":2,"href":"https:\/\/radiowebmx.com\/nota\/wp-json\/wp\/v2\/posts\/4240\/revisions"}],"predecessor-version":[{"id":4242,"href":"https:\/\/radiowebmx.com\/nota\/wp-json\/wp\/v2\/posts\/4240\/revisions\/4242"}],"wp:attachment":[{"href":"https:\/\/radiowebmx.com\/nota\/wp-json\/wp\/v2\/media?parent=4240"}],"wp:term":[{"taxonomy":"category","embeddable":true,"href":"https:\/\/radiowebmx.com\/nota\/wp-json\/wp\/v2\/categories?post=4240"},{"taxonomy":"post_tag","embeddable":true,"href":"https:\/\/radiowebmx.com\/nota\/wp-json\/wp\/v2\/tags?post=4240"}],"curies":[{"name":"wp","href":"https:\/\/api.w.org\/{rel}","templated":true}]}}