{"id":4237,"date":"2013-10-25T11:15:38","date_gmt":"2013-10-25T16:15:38","guid":{"rendered":"https:\/\/radiowebmx.com\/nota\/?p=4237"},"modified":"2013-10-25T11:15:38","modified_gmt":"2013-10-25T16:15:38","slug":"el-deporte-es-parte-integral-de-la-educacion-manuel-anguiano","status":"publish","type":"post","link":"https:\/\/radiowebmx.com\/nota\/el-deporte-es-parte-integral-de-la-educacion-manuel-anguiano\/","title":{"rendered":"EL DEPORTE ES PARTE INTEGRAL DE LA EDUCACI\u00d3N: MANUEL ANGUIANO"},"content":{"rendered":"<p><a href=\"https:\/\/radiowebmx.com\/nota\/wp-content\/uploads\/2013\/10\/1.jpg\"><img loading=\"lazy\" decoding=\"async\" class=\"alignleft size-full wp-image-4238\" alt=\"1\" src=\"https:\/\/radiowebmx.com\/nota\/wp-content\/uploads\/2013\/10\/1.jpg\" width=\"591\" height=\"293\" \/><\/a>Al dirigir el mensaje de clausura en la XX Jornada Deportiva Estatal del Colegio de Estudios Cient\u00edficos y Tecnol\u00f3gicos del Estado de Michoac\u00e1n, el director general de la instituci\u00f3n, Manuel Anguiano Cabrera, asever\u00f3 que la pr\u00e1ctica deportiva debe ser tomada en cuenta como fundamental en el desarrollo de los estudiantes.<\/p>\n<p>\u201cEl deporte y la pr\u00e1ctica f\u00edsica, no deben ser acciones complementarias a la educaci\u00f3n, son tan importantes como cualquier otra materia para el total\u00a0 desarrollo de los alumnos, no son actividades complementarias, sino fundamentales, pues adem\u00e1s del beneficio f\u00edsico y mental que proporcionan, nos brindan valores como la solidaridad, la identidad, la pertenencia, el orgullo, el juego limpio,\u00a0 y un esp\u00edritu de lucha constante, aplicable a cualquier rengl\u00f3n de la vida\u201d.<\/p>\n<p>El directivo estuvo acompa\u00f1ado por Fernando Castillo \u00c1vila, director de Educaci\u00f3n Media y Superior de la Secretar\u00eda de Educaci\u00f3n en el Estado, quienes realizaron la premiaci\u00f3n a las equipos ganadores de la Jornada Deportiva Estatal del CECyTEM, quienes representar\u00e1n a la entidad en la etapa nacional a celebrarse en Le\u00f3n, Guanajuato del 4 al 8 de Noviembre.<\/p>\n<p>Al igual que en a\u00f1os anteriores, el nivel de competencia fue alto, con escuadras bien preparadas y con buenos jugadores de calidad individual, as\u00ed y tras dos d\u00edas de competencia, el equipo de Tanc\u00edtaro fue el ganador del basquetbol en la rama varonil, mientras que en damas, Puru\u00e1ndiro se llev\u00f3 el primer puesto.<\/p>\n<p>En varones, la primera posici\u00f3n del Voleibol fue para Riva Palacio, mientras que en damas los honores\u00a0 se los llev\u00f3 Perib\u00e1n; en el futbol, el primer sitio de la rama femenil fue para Epitacio Huerta, mientras que en varones Puru\u00e1ndiro se alz\u00f3 con la victoria al derrotar en tanda de penales a la oncena de Capula, en la final que m\u00e1s emoci\u00f3n gener\u00f3 en la jornada.<\/p>\n<p>Las escuadras ganadoras de los primeros lugares, representar\u00e1n a Michoac\u00e1n en la Jornada Deportiva Nacional de los CECyTES, a realizarse del 4 al 8 de noviembre en la ciudad de Le\u00f3n, Guanajuato.<\/p>\n","protected":false},"excerpt":{"rendered":"<p>Al dirigir el mensaje de clausura en la XX Jornada Deportiva Estatal del Colegio de Estudios Cient\u00edficos y Tecnol\u00f3gicos del Estado de Michoac\u00e1n, el director general de la instituci\u00f3n, <\/p>\n","protected":false},"author":1,"featured_media":0,"comment_status":"open","ping_status":"open","sticky":false,"template":"","format":"standard","meta":{"footnotes":""},"categories":[14,3],"tags":[],"class_list":["post-4237","post","type-post","status-publish","format-standard","hentry","category-destacadas","category-gobierno-del-estado-de-michoacan"],"_links":{"self":[{"href":"https:\/\/radiowebmx.com\/nota\/wp-json\/wp\/v2\/posts\/4237","targetHints":{"allow":["GET"]}}],"collection":[{"href":"https:\/\/radiowebmx.com\/nota\/wp-json\/wp\/v2\/posts"}],"about":[{"href":"https:\/\/radiowebmx.com\/nota\/wp-json\/wp\/v2\/types\/post"}],"author":[{"embeddable":true,"href":"https:\/\/radiowebmx.com\/nota\/wp-json\/wp\/v2\/users\/1"}],"replies":[{"embeddable":true,"href":"https:\/\/radiowebmx.com\/nota\/wp-json\/wp\/v2\/comments?post=4237"}],"version-history":[{"count":1,"href":"https:\/\/radiowebmx.com\/nota\/wp-json\/wp\/v2\/posts\/4237\/revisions"}],"predecessor-version":[{"id":4239,"href":"https:\/\/radiowebmx.com\/nota\/wp-json\/wp\/v2\/posts\/4237\/revisions\/4239"}],"wp:attachment":[{"href":"https:\/\/radiowebmx.com\/nota\/wp-json\/wp\/v2\/media?parent=4237"}],"wp:term":[{"taxonomy":"category","embeddable":true,"href":"https:\/\/radiowebmx.com\/nota\/wp-json\/wp\/v2\/categories?post=4237"},{"taxonomy":"post_tag","embeddable":true,"href":"https:\/\/radiowebmx.com\/nota\/wp-json\/wp\/v2\/tags?post=4237"}],"curies":[{"name":"wp","href":"https:\/\/api.w.org\/{rel}","templated":true}]}}