{"id":4229,"date":"2013-10-25T11:03:55","date_gmt":"2013-10-25T16:03:55","guid":{"rendered":"https:\/\/radiowebmx.com\/nota\/?p=4229"},"modified":"2013-10-25T11:04:09","modified_gmt":"2013-10-25T16:04:09","slug":"ofrece-si-financia-opciones-para-la-apertura-de-creditos-a-microempresarios-de-sahuayo","status":"publish","type":"post","link":"https:\/\/radiowebmx.com\/nota\/ofrece-si-financia-opciones-para-la-apertura-de-creditos-a-microempresarios-de-sahuayo\/","title":{"rendered":"OFRECE S\u00cd FINANCIA OPCIONES PARA LA APERTURA DE CR\u00c9DITOS A MICROEMPRESARIOS DE SAHUAYO"},"content":{"rendered":"<p><a href=\"https:\/\/radiowebmx.com\/nota\/wp-content\/uploads\/2013\/10\/EXPO-FINANCIA-SAHUAYO-3.jpg\"><img loading=\"lazy\" decoding=\"async\" class=\"alignleft size-full wp-image-4230\" alt=\"EXPO FINANCIA SAHUAYO (3)\" src=\"https:\/\/radiowebmx.com\/nota\/wp-content\/uploads\/2013\/10\/EXPO-FINANCIA-SAHUAYO-3.jpg\" width=\"591\" height=\"296\" \/><\/a>Autoridades estatales y municipales encabezadas por el director de S\u00ed Financia, Germ\u00e1n Ireta Lino, inauguraron la Expo Financia 2013, que traer\u00e1 grandes beneficios a los empresarios michoacanos, especialmente a micro y peque\u00f1os emprendedores de municipios de esta regi\u00f3n.<\/p>\n<p>El director general de S\u00ed Financia, Germ\u00e1n Ireta, agradeci\u00f3 la asistencia a los participantes, autoridades estatales y principalmente de los emprendedores que dijo, \u201choy son ejemplo de que trabajando con empe\u00f1o, pueden conseguirse los sue\u00f1os y que el gobierno estatal participa para generar nuevos empleos y apoyar a quienes m\u00e1s lo necesitan\u201d.<\/p>\n<p>En esta Expo que se desarrolla los d\u00edas 24 y 25 de octubre del presente a\u00f1o, est\u00e1n presentes m\u00e1s de 40 dependencias federales y estatales, bancas de desarrollo, incubadoras, bancos comerciales, entidades de ahorro y cr\u00e9dito popular, microfinancieras y Sofomes adem\u00e1s de empresas comercializadoras de diversos productos de la regi\u00f3n, con el prop\u00f3sito de ofrecer opciones a los habitantes de esta regi\u00f3n para abrir o fortalecer sus negocios con capital.<\/p>\n<p>Adicional a los stands, se ofrecer\u00e1n capacitaciones y talleres impartidos por Nacional Financiera en coordinaci\u00f3n con la Fundaci\u00f3n para la Calidad y la Competitividad del Estado tituladas, \u201cMujeres emprendedoras y empresarias\u201d y \u201cLos 13 pasos para elaborar tu plan de negocios\u201d; adem\u00e1s de una conferencia magistral titulada \u201cTierra f\u00e9rtil, \u00bfPor qu\u00e9 hacer negocios en M\u00e9xico?\u201d.<\/p>\n<p>La Expo es de acceso gratuito y los asistentes tienen el beneficio de la absorci\u00f3n del 100 por ciento de los costos de contrataci\u00f3n para cr\u00e9ditos de S\u00ed Financia durante los d\u00edas del evento.<\/p>\n<p>Cabe se\u00f1alar que en la pasada edici\u00f3n celebrada en Morelia, la derrama econ\u00f3mica ascendi\u00f3 a los 40 millones de pesos entregados en cr\u00e9ditos.<\/p>\n<p>Estuvieron presentes en la inauguraci\u00f3n, Consuelo Muro Urista, titular de la Secretar\u00eda de la Mujer; Rodolfo Cervantes Ceballos, director del Servicio Nacional del Empleo en Michoac\u00e1n y Elizabeth Granados Ram\u00edrez, coordinadora de Proyectos Productivos de la Secretar\u00eda de Pol\u00edtica Social (Sepsol).<\/p>\n","protected":false},"excerpt":{"rendered":"<p>Autoridades estatales y municipales encabezadas por el director de S\u00ed Financia, Germ\u00e1n Ireta Lino, inauguraron la Expo Financia 2013, que traer\u00e1 grandes beneficios a los empresarios michoacanos, especialmente a micro y peque\u00f1os emprendedores de municipios de esta regi\u00f3n.<\/p>\n","protected":false},"author":1,"featured_media":0,"comment_status":"open","ping_status":"open","sticky":false,"template":"","format":"standard","meta":{"footnotes":""},"categories":[14,3],"tags":[],"class_list":["post-4229","post","type-post","status-publish","format-standard","hentry","category-destacadas","category-gobierno-del-estado-de-michoacan"],"_links":{"self":[{"href":"https:\/\/radiowebmx.com\/nota\/wp-json\/wp\/v2\/posts\/4229","targetHints":{"allow":["GET"]}}],"collection":[{"href":"https:\/\/radiowebmx.com\/nota\/wp-json\/wp\/v2\/posts"}],"about":[{"href":"https:\/\/radiowebmx.com\/nota\/wp-json\/wp\/v2\/types\/post"}],"author":[{"embeddable":true,"href":"https:\/\/radiowebmx.com\/nota\/wp-json\/wp\/v2\/users\/1"}],"replies":[{"embeddable":true,"href":"https:\/\/radiowebmx.com\/nota\/wp-json\/wp\/v2\/comments?post=4229"}],"version-history":[{"count":2,"href":"https:\/\/radiowebmx.com\/nota\/wp-json\/wp\/v2\/posts\/4229\/revisions"}],"predecessor-version":[{"id":4232,"href":"https:\/\/radiowebmx.com\/nota\/wp-json\/wp\/v2\/posts\/4229\/revisions\/4232"}],"wp:attachment":[{"href":"https:\/\/radiowebmx.com\/nota\/wp-json\/wp\/v2\/media?parent=4229"}],"wp:term":[{"taxonomy":"category","embeddable":true,"href":"https:\/\/radiowebmx.com\/nota\/wp-json\/wp\/v2\/categories?post=4229"},{"taxonomy":"post_tag","embeddable":true,"href":"https:\/\/radiowebmx.com\/nota\/wp-json\/wp\/v2\/tags?post=4229"}],"curies":[{"name":"wp","href":"https:\/\/api.w.org\/{rel}","templated":true}]}}