{"id":42242,"date":"2017-08-16T14:19:39","date_gmt":"2017-08-16T19:19:39","guid":{"rendered":"https:\/\/radiowebmx.com\/nota\/?p=42242"},"modified":"2017-08-16T14:26:26","modified_gmt":"2017-08-16T19:26:26","slug":"calle-santiago-tapia-cerrada-por-trabajos-de-sustitucion-de-drenaje","status":"publish","type":"post","link":"https:\/\/radiowebmx.com\/nota\/calle-santiago-tapia-cerrada-por-trabajos-de-sustitucion-de-drenaje\/","title":{"rendered":"Calle Santiago Tapia, cerrada por trabajos de sustituci\u00f3n de drenaje"},"content":{"rendered":"<p><a href=\"https:\/\/radiowebmx.com\/nota\/wp-content\/uploads\/2017\/08\/5988b1eb-c4b3-49da-8a57-da008aabe141.jpeg\"><img loading=\"lazy\" decoding=\"async\" class=\"alignnone  wp-image-42244\" src=\"https:\/\/radiowebmx.com\/nota\/wp-content\/uploads\/2017\/08\/5988b1eb-c4b3-49da-8a57-da008aabe141-595x446.jpeg\" alt=\"\" width=\"401\" height=\"301\" srcset=\"https:\/\/radiowebmx.com\/nota\/wp-content\/uploads\/2017\/08\/5988b1eb-c4b3-49da-8a57-da008aabe141-595x446.jpeg 595w, https:\/\/radiowebmx.com\/nota\/wp-content\/uploads\/2017\/08\/5988b1eb-c4b3-49da-8a57-da008aabe141-768x576.jpeg 768w, https:\/\/radiowebmx.com\/nota\/wp-content\/uploads\/2017\/08\/5988b1eb-c4b3-49da-8a57-da008aabe141-960x720.jpeg 960w, https:\/\/radiowebmx.com\/nota\/wp-content\/uploads\/2017\/08\/5988b1eb-c4b3-49da-8a57-da008aabe141.jpeg 1280w\" sizes=\"auto, (max-width: 401px) 100vw, 401px\" \/><\/a><\/p>\n<p>&nbsp;<\/p>\n<ul>\n<li><strong>El Ayuntamiento de Morelia, invita a la poblaci\u00f3n a tomar medidas alternas de circulaci\u00f3n.<\/strong><\/li>\n<\/ul>\n<p>&nbsp;<\/p>\n<div>Como parte de las obras integrales que realiza el Ayuntamiento de Morelia, a trav\u00e9s de la Secretar\u00eda de Desarrollo Metropolitano e Infraestructura, se ejecuta el cambio de drenaje en la calle Santiago Tapia, entre las vialidades Valent\u00edn G\u00f3mez Far\u00edas y Nigromante, del Centro Hist\u00f3rico de esta ciudad, raz\u00f3n por la que se mantiene cerrado este tramo y se hace un llamado la ciudadan\u00eda a tomar medidas alternas de circulaci\u00f3n.<\/p>\n<p>La dependencia municipal, inform\u00f3 que se trata de la sustituci\u00f3n de la red de drenaje que ya se encontraba sumamente da\u00f1ada por la antig\u00fcedad, de ah\u00ed que resultaba necesario intervenir y bloquear el paso al tr\u00e1nsito vehicular en esta zona, el cual se espera quede concluido este jueves.<\/p>\n<p>Es de se\u00f1alar que estos trabajos son adicionales a la obra de Rehabilitaci\u00f3n de Banquetas en las calles Santiago Tapia y Valent\u00edn G\u00f3mez Far\u00edas del primer cuadro de la ciudad, que forma parte del Proyecto de Peatonalizaci\u00f3n, donde se realiza la demolici\u00f3n del pavimento existente en mil 767 metros cuadrados.<\/p>\n<\/div>\n<div><\/div>\n<div><a href=\"https:\/\/radiowebmx.com\/nota\/wp-content\/uploads\/2017\/08\/367d17b5-1ac6-40c5-81db-93938fd410ec.jpeg\"><img loading=\"lazy\" decoding=\"async\" class=\"alignnone  wp-image-42246\" src=\"https:\/\/radiowebmx.com\/nota\/wp-content\/uploads\/2017\/08\/367d17b5-1ac6-40c5-81db-93938fd410ec-595x446.jpeg\" alt=\"\" width=\"399\" height=\"300\" srcset=\"https:\/\/radiowebmx.com\/nota\/wp-content\/uploads\/2017\/08\/367d17b5-1ac6-40c5-81db-93938fd410ec-595x446.jpeg 595w, https:\/\/radiowebmx.com\/nota\/wp-content\/uploads\/2017\/08\/367d17b5-1ac6-40c5-81db-93938fd410ec-768x576.jpeg 768w, https:\/\/radiowebmx.com\/nota\/wp-content\/uploads\/2017\/08\/367d17b5-1ac6-40c5-81db-93938fd410ec-960x720.jpeg 960w, https:\/\/radiowebmx.com\/nota\/wp-content\/uploads\/2017\/08\/367d17b5-1ac6-40c5-81db-93938fd410ec.jpeg 1280w\" sizes=\"auto, (max-width: 399px) 100vw, 399px\" \/><\/a><\/div>\n<div><\/div>\n<div>De esta manera, con una inversi\u00f3n de 4 millones 267 mil pesos, se contempla adem\u00e1s la renivelaci\u00f3n de rampas para personas con discapacidad, la instalaci\u00f3n de placas de Sistema Braille, la pavimentaci\u00f3n con concreto hidr\u00e1ulico, as\u00ed como el suministro y colocaci\u00f3n de loseta de p\u00f3rfido, baldosa de cantera y guarniciones met\u00e1licas y de cantera.<\/p>\n<p>Por dichas acciones, el paso vehicular permanecer\u00e1 cerrado hasta este jueves, por lo que el Ayuntamiento de Morelia, invita a la poblaci\u00f3n a considerar sus tiempos de traslado y utilizar las calles Le\u00f3n Guzm\u00e1n y Valent\u00edn G\u00f3mez Far\u00edas, como v\u00edas alternas de circulaci\u00f3n.<\/p><\/div>\n","protected":false},"excerpt":{"rendered":"<p>&nbsp; El Ayuntamiento de Morelia, invita a la poblaci\u00f3n a tomar medidas alternas de circulaci\u00f3n. &nbsp; Como parte de las obras integrales que realiza el Ayuntamiento de Morelia, a trav\u00e9s de la Secretar\u00eda de Desarrollo Metropolitano e Infraestructura, se ejecuta el cambio de drenaje en la calle Santiago Tapia, entre las vialidades Valent\u00edn G\u00f3mez Far\u00edas [&hellip;]<\/p>\n","protected":false},"author":2,"featured_media":42243,"comment_status":"closed","ping_status":"closed","sticky":false,"template":"","format":"standard","meta":{"footnotes":""},"categories":[14,60,9],"tags":[],"class_list":["post-42242","post","type-post","status-publish","format-standard","has-post-thumbnail","hentry","category-destacadas","category-michoacan","category-morelia"],"_links":{"self":[{"href":"https:\/\/radiowebmx.com\/nota\/wp-json\/wp\/v2\/posts\/42242","targetHints":{"allow":["GET"]}}],"collection":[{"href":"https:\/\/radiowebmx.com\/nota\/wp-json\/wp\/v2\/posts"}],"about":[{"href":"https:\/\/radiowebmx.com\/nota\/wp-json\/wp\/v2\/types\/post"}],"author":[{"embeddable":true,"href":"https:\/\/radiowebmx.com\/nota\/wp-json\/wp\/v2\/users\/2"}],"replies":[{"embeddable":true,"href":"https:\/\/radiowebmx.com\/nota\/wp-json\/wp\/v2\/comments?post=42242"}],"version-history":[{"count":1,"href":"https:\/\/radiowebmx.com\/nota\/wp-json\/wp\/v2\/posts\/42242\/revisions"}],"predecessor-version":[{"id":42247,"href":"https:\/\/radiowebmx.com\/nota\/wp-json\/wp\/v2\/posts\/42242\/revisions\/42247"}],"wp:featuredmedia":[{"embeddable":true,"href":"https:\/\/radiowebmx.com\/nota\/wp-json\/wp\/v2\/media\/42243"}],"wp:attachment":[{"href":"https:\/\/radiowebmx.com\/nota\/wp-json\/wp\/v2\/media?parent=42242"}],"wp:term":[{"taxonomy":"category","embeddable":true,"href":"https:\/\/radiowebmx.com\/nota\/wp-json\/wp\/v2\/categories?post=42242"},{"taxonomy":"post_tag","embeddable":true,"href":"https:\/\/radiowebmx.com\/nota\/wp-json\/wp\/v2\/tags?post=42242"}],"curies":[{"name":"wp","href":"https:\/\/api.w.org\/{rel}","templated":true}]}}