{"id":4224,"date":"2013-10-25T10:45:37","date_gmt":"2013-10-25T15:45:37","guid":{"rendered":"https:\/\/radiowebmx.com\/nota\/?p=4224"},"modified":"2013-10-25T10:46:59","modified_gmt":"2013-10-25T15:46:59","slug":"este-viernes-se-llevara-a-cabo-en-michoacan-la-reunion-nacional-de-coordinadores-locales-del-pan-alfonso-martinez-alcazar","status":"publish","type":"post","link":"https:\/\/radiowebmx.com\/nota\/este-viernes-se-llevara-a-cabo-en-michoacan-la-reunion-nacional-de-coordinadores-locales-del-pan-alfonso-martinez-alcazar\/","title":{"rendered":"Este viernes se llevar\u00e1 a cabo en Michoac\u00e1n la Reuni\u00f3n Nacional de Coordinadores Locales del PAN: Alfonso Mart\u00ednez Alc\u00e1zar"},"content":{"rendered":"<p><span style=\"font-size: medium;\"><span style=\"color: #000000;\"><a href=\"https:\/\/radiowebmx.com\/nota\/wp-content\/uploads\/2013\/10\/Alfonso-Mart\u00ednez-Alc\u00e1zar-coordinador-del-PAN...jpg\"><img loading=\"lazy\" decoding=\"async\" class=\"alignleft size-full wp-image-4225\" alt=\"Alfonso Mart\u00ednez Alc\u00e1zar, coordinador del PAN..\" src=\"https:\/\/radiowebmx.com\/nota\/wp-content\/uploads\/2013\/10\/Alfonso-Mart\u00ednez-Alc\u00e1zar-coordinador-del-PAN...jpg\" width=\"591\" height=\"325\" \/><\/a>Este viernes se llevar\u00e1 a cabo en la capital moreliana, la Reuni\u00f3n Nacional de Coordinadores del PAN, con el prop\u00f3sito de trabajar en la creaci\u00f3n de una agenda legislativa amplia y acorde a las necesidades que el pa\u00eds requiere, as\u00ed lo dio a conocer el diputado Alfonso Mart\u00ednez Alc\u00e1zar.<\/span><\/span><\/p>\n<p><span style=\"font-size: medium;\"><span style=\"color: #000000;\">El Coordinador del Grupo Parlamentario del Partido Acci\u00f3n Nacional en el Congreso del Estado,\u00a0se\u00f1al\u00f3 que dicha reuni\u00f3nser\u00e1 encabezada por el l\u00edder de los diputados locales del Comit\u00e9 Ejecutivo Nacional del PAN, Carlos Alberto P\u00e9rez Cuevas, as\u00ed como tambi\u00e9n, por la Secretaria Nacional del CEN, Cecilia Romero Castillo, donde participar\u00e1n los coordinadores de las bancadas panistas de todas las entidades estatales, para abordar temas de la agenda legislativa del blanquiazul, como son la Reforma Urbana Integral y la Reforma Hacendaria.<\/span><\/span><\/p>\n<p><span style=\"font-size: medium;\"><span style=\"color: #000000;\">Mart\u00ednez Alc\u00e1zar, subray\u00f3 que\u00a0los legisladores de Acci\u00f3n Nacional tienen el firme prop\u00f3sito de impulsar una agenda legislativa de transparencia, que fortalezca el crecimiento y desarrollo del pa\u00eds, promovida desde las fracciones parlamentarias de los Congresos Locales\u201d, refiri\u00f3.<\/span><\/span><\/p>\n<p><span style=\"font-size: medium;\"><span style=\"color: #000000;\">Cabe destacar que dicha plenaria panista se celebra cada mes en el pa\u00eds,\u00a0\u00a0\u201cen la reuni\u00f3n abordaremos los temas m\u00e1s importantes que actualmente se est\u00e1n presentando en cada uno de los Poderes Legislativos del pa\u00eds, as\u00ed como en el Congreso de la Uni\u00f3n, ya que en Acci\u00f3n Nacional estamos interesados por la conformaci\u00f3n de una agenda com\u00fan que permita el avance e impulso de M\u00e9xico\u201d, reiter\u00f3 el parlamentario michoacano.<\/span><\/span><\/p>\n<p><span style=\"font-size: medium;\"><span style=\"color: #000000;\">Argument\u00f3, \u201clos coordinadores asistentes estaremos compartiendo experiencias legislativas exitosas que cada uno ha desarrollado en las diversas entidades, lo que nos permitir\u00e1 intercambiar ideas del trabajo que Acci\u00f3n Nacional ha desempe\u00f1ado a trav\u00e9s de sus representantes en las C\u00e1maras de Diputados\u201d.<\/span><\/span><\/p>\n<p><span style=\"font-size: medium;\"><span style=\"color: #000000;\">Para concluir, el l\u00edder de los diputados locales del blanquiazul, subray\u00f3 que Acci\u00f3n Nacional seguir\u00e1 trabajando en concretar una agenda legislativa enfocada a encaminar el avance de M\u00e9xico, as\u00ed como en mejorar las condiciones de vida de los ciudadanos\u201d.<\/span><\/span><\/p>\n","protected":false},"excerpt":{"rendered":"<p>Este viernes se llevar\u00e1 a cabo en la capital moreliana, la Reuni\u00f3n Nacional de Coordinadores del PAN, con el prop\u00f3sito de trabajar en la creaci\u00f3n de una agenda legislativa amplia y acorde a las necesidades que el pa\u00eds requiere, as\u00ed lo dio a conocer el diputado Alfonso Mart\u00ednez Alc\u00e1zar. El Coordinador del Grupo Parlamentario del [&hellip;]<\/p>\n","protected":false},"author":1,"featured_media":0,"comment_status":"open","ping_status":"open","sticky":false,"template":"","format":"standard","meta":{"footnotes":""},"categories":[6,14,8],"tags":[],"class_list":["post-4224","post","type-post","status-publish","format-standard","hentry","category-congreso-del-estado","category-destacadas","category-grupo-parlamentario-del-pan"],"_links":{"self":[{"href":"https:\/\/radiowebmx.com\/nota\/wp-json\/wp\/v2\/posts\/4224","targetHints":{"allow":["GET"]}}],"collection":[{"href":"https:\/\/radiowebmx.com\/nota\/wp-json\/wp\/v2\/posts"}],"about":[{"href":"https:\/\/radiowebmx.com\/nota\/wp-json\/wp\/v2\/types\/post"}],"author":[{"embeddable":true,"href":"https:\/\/radiowebmx.com\/nota\/wp-json\/wp\/v2\/users\/1"}],"replies":[{"embeddable":true,"href":"https:\/\/radiowebmx.com\/nota\/wp-json\/wp\/v2\/comments?post=4224"}],"version-history":[{"count":3,"href":"https:\/\/radiowebmx.com\/nota\/wp-json\/wp\/v2\/posts\/4224\/revisions"}],"predecessor-version":[{"id":4227,"href":"https:\/\/radiowebmx.com\/nota\/wp-json\/wp\/v2\/posts\/4224\/revisions\/4227"}],"wp:attachment":[{"href":"https:\/\/radiowebmx.com\/nota\/wp-json\/wp\/v2\/media?parent=4224"}],"wp:term":[{"taxonomy":"category","embeddable":true,"href":"https:\/\/radiowebmx.com\/nota\/wp-json\/wp\/v2\/categories?post=4224"},{"taxonomy":"post_tag","embeddable":true,"href":"https:\/\/radiowebmx.com\/nota\/wp-json\/wp\/v2\/tags?post=4224"}],"curies":[{"name":"wp","href":"https:\/\/api.w.org\/{rel}","templated":true}]}}