{"id":42237,"date":"2017-08-16T13:39:22","date_gmt":"2017-08-16T18:39:22","guid":{"rendered":"https:\/\/radiowebmx.com\/nota\/?p=42237"},"modified":"2017-08-16T13:52:41","modified_gmt":"2017-08-16T18:52:41","slug":"avanza-campana-de-reforestacion-2017-con-exito","status":"publish","type":"post","link":"https:\/\/radiowebmx.com\/nota\/avanza-campana-de-reforestacion-2017-con-exito\/","title":{"rendered":"Avanza Campa\u00f1a de Reforestaci\u00f3n 2017 con \u00e9xito"},"content":{"rendered":"<p><a href=\"https:\/\/radiowebmx.com\/nota\/wp-content\/uploads\/2017\/08\/ec4721e0-baf9-450c-bcaf-10c68f2652e6.jpeg\"><img loading=\"lazy\" decoding=\"async\" class=\"alignnone  wp-image-42238\" src=\"https:\/\/radiowebmx.com\/nota\/wp-content\/uploads\/2017\/08\/ec4721e0-baf9-450c-bcaf-10c68f2652e6-595x397.jpeg\" alt=\"\" width=\"400\" height=\"267\" srcset=\"https:\/\/radiowebmx.com\/nota\/wp-content\/uploads\/2017\/08\/ec4721e0-baf9-450c-bcaf-10c68f2652e6-595x397.jpeg 595w, https:\/\/radiowebmx.com\/nota\/wp-content\/uploads\/2017\/08\/ec4721e0-baf9-450c-bcaf-10c68f2652e6-768x512.jpeg 768w, https:\/\/radiowebmx.com\/nota\/wp-content\/uploads\/2017\/08\/ec4721e0-baf9-450c-bcaf-10c68f2652e6-960x640.jpeg 960w, https:\/\/radiowebmx.com\/nota\/wp-content\/uploads\/2017\/08\/ec4721e0-baf9-450c-bcaf-10c68f2652e6-272x182.jpeg 272w, https:\/\/radiowebmx.com\/nota\/wp-content\/uploads\/2017\/08\/ec4721e0-baf9-450c-bcaf-10c68f2652e6.jpeg 1280w\" sizes=\"auto, (max-width: 400px) 100vw, 400px\" \/><\/a><\/p>\n<p>&nbsp;<\/p>\n<ul>\n<li><strong>Recuperar los bosques y dar el uso adecuado a los suelos, compromiso de la Cofom: Roberto P\u00e9rez Medrano.\u00a0<\/strong><\/li>\n<\/ul>\n<ul>\n<li><strong>A trav\u00e9s de 45 eventos de reforestaci\u00f3n en 29 municipios, se ha logrado un alcance del 75 por ciento de la meta total.<\/strong><\/li>\n<\/ul>\n<p>&nbsp;<\/p>\n<p><strong>Morelia, Michoac\u00e1n, a 16 agosto de 2017.-<\/strong>\u00a0Para resarcir los da\u00f1os ambientales derivados de la tala clandestina, el cambio ilegal de uso de suelo y los incendios forestales, la Campa\u00f1a de Reforestaci\u00f3n 2017 camina con \u00e9xito, pues al momento ya presenta un 75 por ciento de avance de la meta establecida, sostuvo Roberto P\u00e9rez Medrano, director general de la Comisi\u00f3n Forestal del Estado.<\/p>\n<p>En conferencia de prensa, el director de la Cofom sostuvo que se han realizado 45 eventos de reforestaci\u00f3n en 29 municipios de la geograf\u00eda michoacana, entre los que destacan amplios esfuerzos en Morelia, P\u00e1tzcuaro, Zit\u00e1cuaro, Ciudad Hidalgo, Ocampo, Cuanajo, la Bi\u00f3sfera de la Mariposa Monarca, por mencionar algunos.<\/p>\n<p>En este marco, abund\u00f3 que se fij\u00f3 como meta producir 21 millones de \u00e1rboles, misma que se logr\u00f3 sin complicaciones para reforestar cerca de 20 mil hect\u00e1reas; hasta el momento ya se han beneficiado a un total de 15 mil 129 hect\u00e1reas reforestadas con la plantaci\u00f3n de 16 millones 196 mil arbolitos.<\/p>\n<p>&#8220;Ha sido un trabajo arduo con las diversas dependencias del Gobierno Estatal, Federal y sobre todo de la ciudadan\u00eda, que ha sido un factor fundamental al igual que los medios de comunicaci\u00f3n&#8221;, resalt\u00f3.<\/p>\n<p>Enfatiz\u00f3 que la instrucci\u00f3n del Gobernador Constitucional Silvano Aureoles Conejo es precisa, pues desde que inici\u00f3 su administraci\u00f3n los retos en materia forestal son claros: recuperar los bosques y dar uso adecuado a los suelos de acuerdo a su vocaci\u00f3n.<\/p>\n<p>Aunado a lo anterior, hizo especial \u00e9nfasis al cambio de uso de suelo, sobre el que se trabaja arduamente a trav\u00e9s del Consejo Estatal Forestal y las Mesas de Seguridad Ambiental con el fin de encaminar a Michoac\u00e1n a ser un estado con producci\u00f3n sustentable.<\/p>\n<p>&#8220;Coincidimos plenamente con el se\u00f1or Gobernador: no queremos afectar la producci\u00f3n de aguacate ni de otros frutos, queremos dar orden y que se produzca en la legalidad&#8221;, extern\u00f3.<\/p>\n<p>P\u00e9rez Medrano dijo que la meta de la Campa\u00f1a de Reforestaci\u00f3n 2017 es similar a la 2016, aunque afirm\u00f3 que para 2018 buscar\u00e1n incrementar la producci\u00f3n de planta.<\/p>\n<p>Asimismo, destac\u00f3 que Michoac\u00e1n es el principal estado de la Rep\u00fablica Mexicana que cuenta con las mejores condiciones de suelo para la producci\u00f3n, por ello reiter\u00f3 el llamado a las y los productores a sumarse a las acciones que emprende el Gobierno del Estado para el cuidado del medio ambiente, en beneficio de todos y todas.<\/p>\n<p>En la rueda de prensa estuvieron presentes Sacramento Honorio Garc\u00eda Sosa, subdirector de Protecci\u00f3n Forestal; Lidia S\u00e1mano S\u00e1nchez, subdelegada Administrativa; Eduardo Aguilar Delgado, subdirector de Reforestaci\u00f3n Forestal; H\u00e9ctor Jos\u00e9 Ch\u00e1vez Castillo, subdirector de Inspecci\u00f3n y Vigilancia Forestal y Juan Carlos Robles Monroy, subdirector de Planeaci\u00f3n y Desarrollo Forestal.<\/p>\n<p>&nbsp;<\/p>\n<p><a href=\"https:\/\/radiowebmx.com\/nota\/wp-content\/uploads\/2017\/08\/484e5be6-c496-43cc-93b1-bdefe8d5b23f.jpeg\"><img loading=\"lazy\" decoding=\"async\" class=\"alignnone  wp-image-42239\" src=\"https:\/\/radiowebmx.com\/nota\/wp-content\/uploads\/2017\/08\/484e5be6-c496-43cc-93b1-bdefe8d5b23f-595x397.jpeg\" alt=\"\" width=\"399\" height=\"266\" srcset=\"https:\/\/radiowebmx.com\/nota\/wp-content\/uploads\/2017\/08\/484e5be6-c496-43cc-93b1-bdefe8d5b23f-595x397.jpeg 595w, https:\/\/radiowebmx.com\/nota\/wp-content\/uploads\/2017\/08\/484e5be6-c496-43cc-93b1-bdefe8d5b23f-768x512.jpeg 768w, https:\/\/radiowebmx.com\/nota\/wp-content\/uploads\/2017\/08\/484e5be6-c496-43cc-93b1-bdefe8d5b23f-960x640.jpeg 960w, https:\/\/radiowebmx.com\/nota\/wp-content\/uploads\/2017\/08\/484e5be6-c496-43cc-93b1-bdefe8d5b23f-272x182.jpeg 272w, https:\/\/radiowebmx.com\/nota\/wp-content\/uploads\/2017\/08\/484e5be6-c496-43cc-93b1-bdefe8d5b23f.jpeg 1280w\" sizes=\"auto, (max-width: 399px) 100vw, 399px\" \/><\/a><\/p>\n<p>&nbsp;<\/p>\n","protected":false},"excerpt":{"rendered":"<p>&nbsp; Recuperar los bosques y dar el uso adecuado a los suelos, compromiso de la Cofom: Roberto P\u00e9rez Medrano.\u00a0 A trav\u00e9s de 45 eventos de reforestaci\u00f3n en 29 municipios, se ha logrado un alcance del 75 por ciento de la meta total. &nbsp; Morelia, Michoac\u00e1n, a 16 agosto de 2017.-\u00a0Para resarcir los da\u00f1os ambientales derivados [&hellip;]<\/p>\n","protected":false},"author":2,"featured_media":42240,"comment_status":"closed","ping_status":"closed","sticky":false,"template":"","format":"standard","meta":{"footnotes":""},"categories":[14,3,60],"tags":[],"class_list":["post-42237","post","type-post","status-publish","format-standard","has-post-thumbnail","hentry","category-destacadas","category-gobierno-del-estado-de-michoacan","category-michoacan"],"_links":{"self":[{"href":"https:\/\/radiowebmx.com\/nota\/wp-json\/wp\/v2\/posts\/42237","targetHints":{"allow":["GET"]}}],"collection":[{"href":"https:\/\/radiowebmx.com\/nota\/wp-json\/wp\/v2\/posts"}],"about":[{"href":"https:\/\/radiowebmx.com\/nota\/wp-json\/wp\/v2\/types\/post"}],"author":[{"embeddable":true,"href":"https:\/\/radiowebmx.com\/nota\/wp-json\/wp\/v2\/users\/2"}],"replies":[{"embeddable":true,"href":"https:\/\/radiowebmx.com\/nota\/wp-json\/wp\/v2\/comments?post=42237"}],"version-history":[{"count":1,"href":"https:\/\/radiowebmx.com\/nota\/wp-json\/wp\/v2\/posts\/42237\/revisions"}],"predecessor-version":[{"id":42241,"href":"https:\/\/radiowebmx.com\/nota\/wp-json\/wp\/v2\/posts\/42237\/revisions\/42241"}],"wp:featuredmedia":[{"embeddable":true,"href":"https:\/\/radiowebmx.com\/nota\/wp-json\/wp\/v2\/media\/42240"}],"wp:attachment":[{"href":"https:\/\/radiowebmx.com\/nota\/wp-json\/wp\/v2\/media?parent=42237"}],"wp:term":[{"taxonomy":"category","embeddable":true,"href":"https:\/\/radiowebmx.com\/nota\/wp-json\/wp\/v2\/categories?post=42237"},{"taxonomy":"post_tag","embeddable":true,"href":"https:\/\/radiowebmx.com\/nota\/wp-json\/wp\/v2\/tags?post=42237"}],"curies":[{"name":"wp","href":"https:\/\/api.w.org\/{rel}","templated":true}]}}