{"id":42233,"date":"2017-08-16T13:01:59","date_gmt":"2017-08-16T18:01:59","guid":{"rendered":"https:\/\/radiowebmx.com\/nota\/?p=42233"},"modified":"2017-08-16T13:01:59","modified_gmt":"2017-08-16T18:01:59","slug":"realiza-ooapas-relevos-institucionales","status":"publish","type":"post","link":"https:\/\/radiowebmx.com\/nota\/realiza-ooapas-relevos-institucionales\/","title":{"rendered":"Realiza OOAPAS relevos institucionales"},"content":{"rendered":"<p><a href=\"https:\/\/radiowebmx.com\/nota\/wp-content\/uploads\/2017\/08\/b03ee9b9-2c57-4eab-b509-3f4c5b15014e.jpeg\"><img loading=\"lazy\" decoding=\"async\" class=\"alignnone  wp-image-42235\" src=\"https:\/\/radiowebmx.com\/nota\/wp-content\/uploads\/2017\/08\/b03ee9b9-2c57-4eab-b509-3f4c5b15014e-595x1058.jpeg\" alt=\"\" width=\"400\" height=\"712\" srcset=\"https:\/\/radiowebmx.com\/nota\/wp-content\/uploads\/2017\/08\/b03ee9b9-2c57-4eab-b509-3f4c5b15014e-595x1058.jpeg 595w, https:\/\/radiowebmx.com\/nota\/wp-content\/uploads\/2017\/08\/b03ee9b9-2c57-4eab-b509-3f4c5b15014e.jpeg 720w\" sizes=\"auto, (max-width: 400px) 100vw, 400px\" \/><\/a><\/p>\n<ul>\n<li><strong>Ericka Carapia Hurtado recibi\u00f3 el nombramiento de Jefa del Departamento de Facturaci\u00f3n.<\/strong><\/li>\n<li><strong>Jos\u00e9 Refugio V\u00e1zquez Garc\u00eda fue nombrado Jefe del Departamento de Distribuci\u00f3n.<\/strong><\/li>\n<\/ul>\n<p>Como parte de la reestructura interna que se ha venido realizando en el Organismo Operador de Agua Potable, Alcantarillado y Saneamiento de Morelia (OOAPAS), Roberto Valenzuela Cepeda, Director General de la paramunicipal, realiz\u00f3 el d\u00eda de hoy mi\u00e9rcoles dos relevos institucionales.<\/p>\n<p>En la subdirecci\u00f3n Comercial, la Contadora P\u00fablica, Ericka Carapia Hurtado fue nombrada Jefa del Departamento de Facturaci\u00f3n.<\/p>\n<p>En la subdirecci\u00f3n de Distribuci\u00f3n se dio el nombramiento como nuevo Jefe del Departamento de Distribuci\u00f3n al Ingeniero, Jos\u00e9 Refugio V\u00e1zquez Garc\u00eda.<\/p>\n<p>Acompa\u00f1ado por los subdirectores de cada \u00e1rea, Roberto Valenzuela agradeci\u00f3 a los funcionarios salientes su desempe\u00f1o dentro del Organismo y confi\u00f3 en que los cambios realizados ser\u00e1n en beneficio de la ciudadan\u00eda y el servicio prestado a la capital michoacana.<\/p>\n<p>El Director del OOAPAS se\u00f1al\u00f3 que estos nombramientos forman parte de la reestructura que se est\u00e1 llevando a cabo al interior del Organismo, con la finalidad de optimizar su funcionamiento y lograr un saneamiento integral de la paramunicipal.<\/p>\n","protected":false},"excerpt":{"rendered":"<p>Ericka Carapia Hurtado recibi\u00f3 el nombramiento de Jefa del Departamento de Facturaci\u00f3n. Jos\u00e9 Refugio V\u00e1zquez Garc\u00eda fue nombrado Jefe del Departamento de Distribuci\u00f3n. Como parte de la reestructura interna que se ha venido realizando en el Organismo Operador de Agua Potable, Alcantarillado y Saneamiento de Morelia (OOAPAS), Roberto Valenzuela Cepeda, Director General de la paramunicipal, [&hellip;]<\/p>\n","protected":false},"author":2,"featured_media":42234,"comment_status":"closed","ping_status":"closed","sticky":false,"template":"","format":"standard","meta":{"footnotes":""},"categories":[14,60,9],"tags":[],"class_list":["post-42233","post","type-post","status-publish","format-standard","has-post-thumbnail","hentry","category-destacadas","category-michoacan","category-morelia"],"_links":{"self":[{"href":"https:\/\/radiowebmx.com\/nota\/wp-json\/wp\/v2\/posts\/42233","targetHints":{"allow":["GET"]}}],"collection":[{"href":"https:\/\/radiowebmx.com\/nota\/wp-json\/wp\/v2\/posts"}],"about":[{"href":"https:\/\/radiowebmx.com\/nota\/wp-json\/wp\/v2\/types\/post"}],"author":[{"embeddable":true,"href":"https:\/\/radiowebmx.com\/nota\/wp-json\/wp\/v2\/users\/2"}],"replies":[{"embeddable":true,"href":"https:\/\/radiowebmx.com\/nota\/wp-json\/wp\/v2\/comments?post=42233"}],"version-history":[{"count":1,"href":"https:\/\/radiowebmx.com\/nota\/wp-json\/wp\/v2\/posts\/42233\/revisions"}],"predecessor-version":[{"id":42236,"href":"https:\/\/radiowebmx.com\/nota\/wp-json\/wp\/v2\/posts\/42233\/revisions\/42236"}],"wp:featuredmedia":[{"embeddable":true,"href":"https:\/\/radiowebmx.com\/nota\/wp-json\/wp\/v2\/media\/42234"}],"wp:attachment":[{"href":"https:\/\/radiowebmx.com\/nota\/wp-json\/wp\/v2\/media?parent=42233"}],"wp:term":[{"taxonomy":"category","embeddable":true,"href":"https:\/\/radiowebmx.com\/nota\/wp-json\/wp\/v2\/categories?post=42233"},{"taxonomy":"post_tag","embeddable":true,"href":"https:\/\/radiowebmx.com\/nota\/wp-json\/wp\/v2\/tags?post=42233"}],"curies":[{"name":"wp","href":"https:\/\/api.w.org\/{rel}","templated":true}]}}