{"id":42228,"date":"2017-08-16T12:40:26","date_gmt":"2017-08-16T17:40:26","guid":{"rendered":"https:\/\/radiowebmx.com\/nota\/?p=42228"},"modified":"2017-08-16T12:52:04","modified_gmt":"2017-08-16T17:52:04","slug":"se-reune-adrian-lopez-con-el-dirigente-estatal-del-pan","status":"publish","type":"post","link":"https:\/\/radiowebmx.com\/nota\/se-reune-adrian-lopez-con-el-dirigente-estatal-del-pan\/","title":{"rendered":"Se re\u00fane Adri\u00e1n L\u00f3pez con el dirigente estatal del PAN"},"content":{"rendered":"<p><a href=\"https:\/\/radiowebmx.com\/nota\/wp-content\/uploads\/2017\/08\/3d5bc5ee-491a-42b0-8c1a-18d8ec078c62.jpeg\"><img loading=\"lazy\" decoding=\"async\" class=\"alignnone size-medium wp-image-42229\" src=\"https:\/\/radiowebmx.com\/nota\/wp-content\/uploads\/2017\/08\/3d5bc5ee-491a-42b0-8c1a-18d8ec078c62-595x390.jpeg\" alt=\"\" width=\"595\" height=\"390\" srcset=\"https:\/\/radiowebmx.com\/nota\/wp-content\/uploads\/2017\/08\/3d5bc5ee-491a-42b0-8c1a-18d8ec078c62-595x390.jpeg 595w, https:\/\/radiowebmx.com\/nota\/wp-content\/uploads\/2017\/08\/3d5bc5ee-491a-42b0-8c1a-18d8ec078c62-768x503.jpeg 768w, https:\/\/radiowebmx.com\/nota\/wp-content\/uploads\/2017\/08\/3d5bc5ee-491a-42b0-8c1a-18d8ec078c62-960x629.jpeg 960w, https:\/\/radiowebmx.com\/nota\/wp-content\/uploads\/2017\/08\/3d5bc5ee-491a-42b0-8c1a-18d8ec078c62.jpeg 1280w\" sizes=\"auto, (max-width: 595px) 100vw, 595px\" \/><\/a><\/p>\n<p>&nbsp;<\/p>\n<p><strong>Morelia, Michoac\u00e1n, a 16 de agosto de 2017.-<\/strong>\u00a0Las reuniones con las dirigencias partidistas y el intercambio de puntos de vista coadyuvan a generar el escenario de estabilidad pol\u00edtica que Michoac\u00e1n requiere de cara al inicio del pr\u00f3ximo proceso electoral.<\/p>\n<p>As\u00ed lo manifest\u00f3 el secretario de Gobierno, Adri\u00e1n L\u00f3pez Sol\u00eds, quien esta ma\u00f1ana se reuni\u00f3 con el presidente del Comit\u00e9 Directivo Estatal del Partido Acci\u00f3n Nacional (PAN), Jos\u00e9 Manuel Hinojosa P\u00e9rez.<\/p>\n<p>El encargado de la pol\u00edtica interna se pronunci\u00f3 por reforzar la cercan\u00eda con los partidos, misma que permitan que las fuerzas pol\u00edticas representativas del estado abonen a la gobernabilidad.<\/p>\n<p>&#8220;El compromiso es crear las mejores condiciones de gobernabilidad para que la ciudadan\u00eda participe de forma activa en los asuntos pol\u00edticos de la entidad&#8221;, sostuvo.<\/p>\n<p>El Secretario de Gobierno continuar\u00e1 en los pr\u00f3ximos d\u00edas con las reuniones con las y los dirigentes de las distintas fuerzas pol\u00edticas de la entidad.<\/p>\n","protected":false},"excerpt":{"rendered":"<p>&nbsp; Morelia, Michoac\u00e1n, a 16 de agosto de 2017.-\u00a0Las reuniones con las dirigencias partidistas y el intercambio de puntos de vista coadyuvan a generar el escenario de estabilidad pol\u00edtica que Michoac\u00e1n requiere de cara al inicio del pr\u00f3ximo proceso electoral. As\u00ed lo manifest\u00f3 el secretario de Gobierno, Adri\u00e1n L\u00f3pez Sol\u00eds, quien esta ma\u00f1ana se reuni\u00f3 [&hellip;]<\/p>\n","protected":false},"author":2,"featured_media":42230,"comment_status":"closed","ping_status":"closed","sticky":false,"template":"","format":"standard","meta":{"footnotes":""},"categories":[14,3,60],"tags":[],"class_list":["post-42228","post","type-post","status-publish","format-standard","has-post-thumbnail","hentry","category-destacadas","category-gobierno-del-estado-de-michoacan","category-michoacan"],"_links":{"self":[{"href":"https:\/\/radiowebmx.com\/nota\/wp-json\/wp\/v2\/posts\/42228","targetHints":{"allow":["GET"]}}],"collection":[{"href":"https:\/\/radiowebmx.com\/nota\/wp-json\/wp\/v2\/posts"}],"about":[{"href":"https:\/\/radiowebmx.com\/nota\/wp-json\/wp\/v2\/types\/post"}],"author":[{"embeddable":true,"href":"https:\/\/radiowebmx.com\/nota\/wp-json\/wp\/v2\/users\/2"}],"replies":[{"embeddable":true,"href":"https:\/\/radiowebmx.com\/nota\/wp-json\/wp\/v2\/comments?post=42228"}],"version-history":[{"count":2,"href":"https:\/\/radiowebmx.com\/nota\/wp-json\/wp\/v2\/posts\/42228\/revisions"}],"predecessor-version":[{"id":42232,"href":"https:\/\/radiowebmx.com\/nota\/wp-json\/wp\/v2\/posts\/42228\/revisions\/42232"}],"wp:featuredmedia":[{"embeddable":true,"href":"https:\/\/radiowebmx.com\/nota\/wp-json\/wp\/v2\/media\/42230"}],"wp:attachment":[{"href":"https:\/\/radiowebmx.com\/nota\/wp-json\/wp\/v2\/media?parent=42228"}],"wp:term":[{"taxonomy":"category","embeddable":true,"href":"https:\/\/radiowebmx.com\/nota\/wp-json\/wp\/v2\/categories?post=42228"},{"taxonomy":"post_tag","embeddable":true,"href":"https:\/\/radiowebmx.com\/nota\/wp-json\/wp\/v2\/tags?post=42228"}],"curies":[{"name":"wp","href":"https:\/\/api.w.org\/{rel}","templated":true}]}}