{"id":42215,"date":"2017-08-15T18:02:24","date_gmt":"2017-08-15T23:02:24","guid":{"rendered":"https:\/\/radiowebmx.com\/nota\/?p=42215"},"modified":"2017-08-16T12:04:33","modified_gmt":"2017-08-16T17:04:33","slug":"condena-el-diputado-mario-armando-mendoza-ola-de-violencia-en-el-estado-y-asesinato-de-rafael-ramirez-sanchez","status":"publish","type":"post","link":"https:\/\/radiowebmx.com\/nota\/condena-el-diputado-mario-armando-mendoza-ola-de-violencia-en-el-estado-y-asesinato-de-rafael-ramirez-sanchez\/","title":{"rendered":"Condena el diputado Mario Armando Mendoza ola de violencia en el estado, y asesinato de Rafael Ram\u00edrez S\u00e1nchez"},"content":{"rendered":"<ul>\n<li><strong>La ola de violencia amenaza la gobernabilidad de Michoac\u00e1n, asegur\u00f3 el diputado del PRI, al condenar el asesinato del ex presidente municipal de Sahuayo, y lo acontecido contra el s\u00edndico de Ario de Rosales en semanas pasadas.<\/strong><\/li>\n<\/ul>\n<p>&nbsp;<\/p>\n<p><strong>Morelia; Michoac\u00e1n, 15 de agosto de 2017.-<\/strong>\u00a0\u00a0La espiral de violencia en Michoac\u00e1n ha generado visos de ingobernabilidad en algunos municipios del estado, se\u00f1al\u00f3 el diputado del PRI y presidente de la Comisi\u00f3n de Gobernaci\u00f3n en el Congreso del Estado, Mario Armando Mendoza Guzm\u00e1n, quien conden\u00f3 los hechos en donde perdi\u00f3 la vida el priista y ex servidor p\u00fablico, Rafael Ram\u00edrez S\u00e1nchez, que se distingui\u00f3 por su servicio a la sociedad.<\/p>\n<p>El diputado local hizo un llamado en\u00e9rgico a frenar la inseguridad y la ola de violencia,\u00a0 conden\u00f3 estos actos, al se\u00f1alar que en Michoac\u00e1n con m\u00e1s de mil 169 homicidios dolosos hasta junio, 614 de ellos con arma de\u00a0 fuego, son el resultado de una falta de estrategia y reconstrucci\u00f3n del tejido social, que han generado zozobra y temor entre los ciudadanos.<\/p>\n<p>Destac\u00f3 que el dos veces edil de Sahuayo, y quien era reconocido no solo como militante del Partido Revolucionario Institucional, sino por su labor como abogado y notario, evidencia como la violencia en el estado, sigue cobrando vidas de ciudadanos inocentes.<\/p>\n<p>Insisti\u00f3 en que la\u00a0 creciente ola de violencia e inseguridad, amenaza la gobernabilidad de Michoac\u00e1n, por lo que el Gobierno Estatal se ha visto rebasado por la delincuencia, y las propias estad\u00edsticas han mostrado que el tema est\u00e1 a punto de salirse de control, \u201ces un tema de urgente y prioritaria atenci\u00f3n, est\u00e1 a punto de salirse de control y de provocar temas de ingobernabilidad en varias regiones\u201d, asever\u00f3.<\/p>\n<p>El parlamentario mencion\u00f3 que los asesinatos cometidos contra algunas autoridades de seguridad y en algunos casos con autoridades municipales, no es s\u00f3lo un foco rojo, \u201csino roj\u00edsimo\u201d, y es grave delicado, tema que debe atenderse de manera inmediata.<\/p>\n<p>De acuerdo con el Secretariado Ejecutivo del Sistema Nacional de Seguridad P\u00fablica de enero a junio del 2017 en Michoac\u00e1n se cometieron 18 mil 735 delitos, destaca en homicidios dolosos mil 169, de estos 614 han sido cometidos por arma de fuego, es decir que se cometieron 6 homicidios dolosos en promedio por d\u00eda, la mitad de ellos cometidos con arma de fuego.<\/p>\n","protected":false},"excerpt":{"rendered":"<p>La ola de violencia amenaza la gobernabilidad de Michoac\u00e1n, asegur\u00f3 el diputado del PRI, al condenar el asesinato del ex presidente municipal de Sahuayo, y lo acontecido contra el s\u00edndico de Ario de Rosales en semanas pasadas. &nbsp; Morelia; Michoac\u00e1n, 15 de agosto de 2017.-\u00a0\u00a0La espiral de violencia en Michoac\u00e1n ha generado visos de ingobernabilidad [&hellip;]<\/p>\n","protected":false},"author":2,"featured_media":42216,"comment_status":"closed","ping_status":"closed","sticky":false,"template":"","format":"standard","meta":{"footnotes":""},"categories":[6,14],"tags":[],"class_list":["post-42215","post","type-post","status-publish","format-standard","has-post-thumbnail","hentry","category-congreso-del-estado","category-destacadas"],"_links":{"self":[{"href":"https:\/\/radiowebmx.com\/nota\/wp-json\/wp\/v2\/posts\/42215","targetHints":{"allow":["GET"]}}],"collection":[{"href":"https:\/\/radiowebmx.com\/nota\/wp-json\/wp\/v2\/posts"}],"about":[{"href":"https:\/\/radiowebmx.com\/nota\/wp-json\/wp\/v2\/types\/post"}],"author":[{"embeddable":true,"href":"https:\/\/radiowebmx.com\/nota\/wp-json\/wp\/v2\/users\/2"}],"replies":[{"embeddable":true,"href":"https:\/\/radiowebmx.com\/nota\/wp-json\/wp\/v2\/comments?post=42215"}],"version-history":[{"count":1,"href":"https:\/\/radiowebmx.com\/nota\/wp-json\/wp\/v2\/posts\/42215\/revisions"}],"predecessor-version":[{"id":42217,"href":"https:\/\/radiowebmx.com\/nota\/wp-json\/wp\/v2\/posts\/42215\/revisions\/42217"}],"wp:featuredmedia":[{"embeddable":true,"href":"https:\/\/radiowebmx.com\/nota\/wp-json\/wp\/v2\/media\/42216"}],"wp:attachment":[{"href":"https:\/\/radiowebmx.com\/nota\/wp-json\/wp\/v2\/media?parent=42215"}],"wp:term":[{"taxonomy":"category","embeddable":true,"href":"https:\/\/radiowebmx.com\/nota\/wp-json\/wp\/v2\/categories?post=42215"},{"taxonomy":"post_tag","embeddable":true,"href":"https:\/\/radiowebmx.com\/nota\/wp-json\/wp\/v2\/tags?post=42215"}],"curies":[{"name":"wp","href":"https:\/\/api.w.org\/{rel}","templated":true}]}}