{"id":42210,"date":"2017-08-15T18:59:57","date_gmt":"2017-08-15T23:59:57","guid":{"rendered":"https:\/\/radiowebmx.com\/nota\/?p=42210"},"modified":"2017-08-16T12:02:14","modified_gmt":"2017-08-16T17:02:14","slug":"la-formacion-academica-disminuye-desigualdad-y-genera-desarrollo-jeovana-alcantar","status":"publish","type":"post","link":"https:\/\/radiowebmx.com\/nota\/la-formacion-academica-disminuye-desigualdad-y-genera-desarrollo-jeovana-alcantar\/","title":{"rendered":"La formaci\u00f3n acad\u00e9mica disminuye desigualdad y genera desarrollo: Jeovana Alc\u00e1ntar"},"content":{"rendered":"<p><a href=\"https:\/\/radiowebmx.com\/nota\/wp-content\/uploads\/2017\/08\/IMG-20170815-WA0150.jpg\"><img loading=\"lazy\" decoding=\"async\" class=\"alignnone  wp-image-42211\" src=\"https:\/\/radiowebmx.com\/nota\/wp-content\/uploads\/2017\/08\/IMG-20170815-WA0150-595x397.jpg\" alt=\"\" width=\"399\" height=\"266\" srcset=\"https:\/\/radiowebmx.com\/nota\/wp-content\/uploads\/2017\/08\/IMG-20170815-WA0150-595x397.jpg 595w, https:\/\/radiowebmx.com\/nota\/wp-content\/uploads\/2017\/08\/IMG-20170815-WA0150-768x512.jpg 768w, https:\/\/radiowebmx.com\/nota\/wp-content\/uploads\/2017\/08\/IMG-20170815-WA0150-960x640.jpg 960w, https:\/\/radiowebmx.com\/nota\/wp-content\/uploads\/2017\/08\/IMG-20170815-WA0150-272x182.jpg 272w, https:\/\/radiowebmx.com\/nota\/wp-content\/uploads\/2017\/08\/IMG-20170815-WA0150.jpg 1152w\" sizes=\"auto, (max-width: 399px) 100vw, 399px\" \/><\/a><\/p>\n<p>&nbsp;<\/p>\n<p><strong>Morelia; Michoac\u00e1n, 15 de Agosto de 2017.-\u00a0<\/strong>A no bajar la guardia para lograr un Michoac\u00e1n en paz, con estabilidad y desarrollo convoc\u00f3 la diputada Jeovana Alc\u00e1ntar Baca, presidenta de la Comisi\u00f3n de Fortalecimiento Municipal y L\u00edmites Territoriales en la LXXIII Legislatura Local, tras puntualizar que la educaci\u00f3n es el medio id\u00f3neo para disminuir la desigualdad y generar desarrollo.<\/p>\n<p>Al asistir al inicio del ciclo escolar 2017-2018 del Colegio Nacional de Educaci\u00f3n Profesional T\u00e9cnica\u00a0 (Conalep),\u00a0 plantel Ciudad Hidalgo,\u00a0 la legisladora local manifest\u00f3 que fortalecer al sector educativo siempre debe ser un eje rector prioritario de todo gobierno.<\/p>\n<p>En ese sentido, la diputada integrante del Grupo Parlamentario del PRD reconoci\u00f3 las acciones que en Michoac\u00e1n se impulsan para facilitar el acceso y despertar el inter\u00e9s de los j\u00f3venes para que contin\u00faen con su formaci\u00f3n acad\u00e9mica.<\/p>\n<p>Jeovana Alc\u00e1ntar consider\u00f3 que debe seguir fortaleci\u00e9ndose la educaci\u00f3n media superior y superior para aumentar cada vez m\u00e1s la matr\u00edcula e inter\u00e9s de los j\u00f3venes para que contin\u00faen con su preparaci\u00f3n acad\u00e9mica.<\/p>\n<p>La legisladora reconoci\u00f3 que el esquema de las becas y apoyos que implementa el gobierno estatal para que los estudiantes no abandonen sus estudios por falta de recursos, ha sido vital, ya que se ha aumentado la demanda educativa, pero se\u00f1al\u00f3 que a\u00fan falta mucho trabajo por hacer, especialmente en las zonas en donde los indicadores de pobreza son m\u00e1s altos.<\/p>\n<p>Durante el evento, Jeovana Alc\u00e1ntar invit\u00f3 a los j\u00f3venes a continuar con su formaci\u00f3n acad\u00e9mica, tras refrendar su apoyo para contribuir en que los j\u00f3venes sigan estudiando y acord\u00f3 impulsar varios proyectos en beneficio de los estudiantes.<\/p>\n<p>La diputada por el Distrito de Hidalgo reconoci\u00f3 que se le debe poner especial atenci\u00f3n a los j\u00f3venes, ya que es un sector que \u201cpadece exclusi\u00f3n econ\u00f3mica, laboral, educativa, pol\u00edtica y cultural, por lo que todos los sectores y niveles de gobierno tenemos que apoyarlos m\u00e1s\u201d.<\/p>\n<p>En ese sentido, se pronunci\u00f3 por impulsar juntos, estudiantes, padres de familia, maestros y autoridades educativas, proyectos que contribuyan a su formaci\u00f3n acad\u00e9mica y disminuya la expulsi\u00f3n de j\u00f3venes a los Estados Unidos, por falta de oportunidades.<\/p>\n<p>Finalmente, la legisladora refrend\u00f3 su compromiso de trabajar de manera coordinada con los estudiantes y padres de familia de su regi\u00f3n, a fin de concretar diversos proyectos en beneficio de los estudiantes.<\/p>\n","protected":false},"excerpt":{"rendered":"<p>&nbsp; Morelia; Michoac\u00e1n, 15 de Agosto de 2017.-\u00a0A no bajar la guardia para lograr un Michoac\u00e1n en paz, con estabilidad y desarrollo convoc\u00f3 la diputada Jeovana Alc\u00e1ntar Baca, presidenta de la Comisi\u00f3n de Fortalecimiento Municipal y L\u00edmites Territoriales en la LXXIII Legislatura Local, tras puntualizar que la educaci\u00f3n es el medio id\u00f3neo para disminuir la [&hellip;]<\/p>\n","protected":false},"author":2,"featured_media":42212,"comment_status":"closed","ping_status":"closed","sticky":false,"template":"","format":"standard","meta":{"footnotes":""},"categories":[6,14],"tags":[],"class_list":["post-42210","post","type-post","status-publish","format-standard","has-post-thumbnail","hentry","category-congreso-del-estado","category-destacadas"],"_links":{"self":[{"href":"https:\/\/radiowebmx.com\/nota\/wp-json\/wp\/v2\/posts\/42210","targetHints":{"allow":["GET"]}}],"collection":[{"href":"https:\/\/radiowebmx.com\/nota\/wp-json\/wp\/v2\/posts"}],"about":[{"href":"https:\/\/radiowebmx.com\/nota\/wp-json\/wp\/v2\/types\/post"}],"author":[{"embeddable":true,"href":"https:\/\/radiowebmx.com\/nota\/wp-json\/wp\/v2\/users\/2"}],"replies":[{"embeddable":true,"href":"https:\/\/radiowebmx.com\/nota\/wp-json\/wp\/v2\/comments?post=42210"}],"version-history":[{"count":1,"href":"https:\/\/radiowebmx.com\/nota\/wp-json\/wp\/v2\/posts\/42210\/revisions"}],"predecessor-version":[{"id":42213,"href":"https:\/\/radiowebmx.com\/nota\/wp-json\/wp\/v2\/posts\/42210\/revisions\/42213"}],"wp:featuredmedia":[{"embeddable":true,"href":"https:\/\/radiowebmx.com\/nota\/wp-json\/wp\/v2\/media\/42212"}],"wp:attachment":[{"href":"https:\/\/radiowebmx.com\/nota\/wp-json\/wp\/v2\/media?parent=42210"}],"wp:term":[{"taxonomy":"category","embeddable":true,"href":"https:\/\/radiowebmx.com\/nota\/wp-json\/wp\/v2\/categories?post=42210"},{"taxonomy":"post_tag","embeddable":true,"href":"https:\/\/radiowebmx.com\/nota\/wp-json\/wp\/v2\/tags?post=42210"}],"curies":[{"name":"wp","href":"https:\/\/api.w.org\/{rel}","templated":true}]}}